{"id":6514,"date":"2018-03-23T12:10:20","date_gmt":"2018-03-23T11:10:20","guid":{"rendered":"http:\/\/lo6.szczecin.pl\/?p=6514"},"modified":"2018-03-23T12:10:20","modified_gmt":"2018-03-23T11:10:20","slug":"dzien-matematyki","status":"publish","type":"post","link":"https:\/\/lo6.szczecin.pl\/index.php\/2018\/03\/23\/dzien-matematyki\/","title":{"rendered":"Dzie\u0144 Matematyki"},"content":{"rendered":"<p>Dnia 22 marca odby\u0142 si\u0119 w VI LO dzie\u0144 &#8220;Kr\u00f3lowej Nauk&#8221; &#8211; Dzie\u0144 Matematyki. Z tej okazji uczniowie mieli mo\u017cliwo\u015b\u0107 uczestniczenia w wyk\u0142adach prowadzonych przez pracownik\u00f3w naukowych Studium Matematyki ZUT. Klasa 2C wys\u0142ucha\u0142a wyk\u0142adu &#8211; Zagadki niesko\u0144czono\u015bci &#8211; prowadzonego przez dr Adama Bohonosa. Klasy: 1C i 2A wzi\u0119\u0142y udzia\u0142 w wyk\u0142adzie &#8211; Matematyka wyborcza &#8211; prowadzonym przez dr Ilon\u0119 Iglewsk\u0105 &#8211; Nowak.<\/p>\n<div>Ponadto uczniowie klas pierwszych wzi\u0119li udzia\u0142 w Turnieju Klas I rozwi\u0105zuj\u0105c zadania matematyczne dotycz\u0105ce zdrowego od\u017cywiania &#8211; zwyci\u0119zcami turnieju zostali uczniowie klasy 1C otrzymuj\u0105c s\u0142odki upominek dla klasy.<\/div>\n<div>Odby\u0142 si\u0119 r\u00f3wnie\u017c szkolny konkurs na matematyczn\u0105 poezj\u0119 &#8211; tutaj laureatami zostali: Agnieszka Szyndlarewicz z klasy 3C, Aleksandra Kopczy\u0144ska z klasy 1A oraz Izabela Nowaczyk z klasy 3C.<\/div>\n<div>W kolejnym konkursie na matematycznego Lapbooka laureatami zosta\u0142y nast\u0119puj\u0105ce osoby: Katarzyna Janowska kl. 2B2, Sebastian Barnacki kl. 2B2, Julia Olszewska kl. 2B2, Natalia \u015aredzi\u0144ska kl. 2B2, Agata Wnuk kl. 2C, Weronika Bojanowska kl. 2C oraz Magdalena Landowska kl. 2C.<\/div>\n<div>Przez ca\u0142y dzie\u0144 uczniowie mogli rozwi\u0105zywa\u0107 zadania Szkolnej Ligi Zadaniowej, zapozna\u0107 si\u0119 z \u017cyciorysami s\u0142ynnych matematyk\u00f3w, poczyta\u0107 matematyczne ciekawostki oraz pobawi\u0107 si\u0119 logicznymi zagadkami.<\/div>\n<div>Zapraszamy do wsp\u00f3lnej zabawy w przysz\u0142ym roku.<\/div>\n","protected":false},"excerpt":{"rendered":"<p>Dnia 22 marca odby\u0142 si\u0119 w VI LO dzie\u0144 &#8220;Kr\u00f3lowej Nauk&#8221; &#8211; Dzie\u0144 Matematyki. Z tej okazji uczniowie mieli mo\u017cliwo\u015b\u0107 uczestniczenia w wyk\u0142adach prowadzonych przez pracownik\u00f3w naukowych Studium Matematyki ZUT. Klasa 2C wys\u0142ucha\u0142a wyk\u0142adu &#8211; Zagadki niesko\u0144czono\u015bci &#8211; prowadzonego przez dr Adama Bohonosa. Klasy: 1C i 2A wzi\u0119\u0142y udzia\u0142 w wyk\u0142adzie &#8211; Matematyka wyborcza &#8211;&#8230;<\/p>\n","protected":false},"author":3,"featured_media":6516,"comment_status":"open","ping_status":"open","sticky":false,"template":"","format":"gallery","meta":{"_acf_changed":false,"_s2mail":"yes","footnotes":""},"categories":[360,358,359,365],"tags":[],"class_list":["post-6514","post","type-post","status-publish","format-gallery","has-post-thumbnail","hentry","category-dla-kandydatow","category-dla-rodzicow","category-dla-uczniow","category-galeria","post_format-post-format-gallery"],"acf":[],"_links":{"self":[{"href":"https:\/\/lo6.szczecin.pl\/index.php\/wp-json\/wp\/v2\/posts\/6514","targetHints":{"allow":["GET"]}}],"collection":[{"href":"https:\/\/lo6.szczecin.pl\/index.php\/wp-json\/wp\/v2\/posts"}],"about":[{"href":"https:\/\/lo6.szczecin.pl\/index.php\/wp-json\/wp\/v2\/types\/post"}],"author":[{"embeddable":true,"href":"https:\/\/lo6.szczecin.pl\/index.php\/wp-json\/wp\/v2\/users\/3"}],"replies":[{"embeddable":true,"href":"https:\/\/lo6.szczecin.pl\/index.php\/wp-json\/wp\/v2\/comments?post=6514"}],"version-history":[{"count":2,"href":"https:\/\/lo6.szczecin.pl\/index.php\/wp-json\/wp\/v2\/posts\/6514\/revisions"}],"predecessor-version":[{"id":6530,"href":"https:\/\/lo6.szczecin.pl\/index.php\/wp-json\/wp\/v2\/posts\/6514\/revisions\/6530"}],"wp:featuredmedia":[{"embeddable":true,"href":"https:\/\/lo6.szczecin.pl\/index.php\/wp-json\/wp\/v2\/media\/6516"}],"wp:attachment":[{"href":"https:\/\/lo6.szczecin.pl\/index.php\/wp-json\/wp\/v2\/media?parent=6514"}],"wp:term":[{"taxonomy":"category","embeddable":true,"href":"https:\/\/lo6.szczecin.pl\/index.php\/wp-json\/wp\/v2\/categories?post=6514"},{"taxonomy":"post_tag","embeddable":true,"href":"https:\/\/lo6.szczecin.pl\/index.php\/wp-json\/wp\/v2\/tags?post=6514"}],"curies":[{"name":"wp","href":"https:\/\/api.w.org\/{rel}","templated":true}]}}