{"id":6510,"date":"2018-03-22T07:38:34","date_gmt":"2018-03-22T06:38:34","guid":{"rendered":"http:\/\/lo6.szczecin.pl\/?p=6510"},"modified":"2018-03-22T07:42:09","modified_gmt":"2018-03-22T06:42:09","slug":"zebrania-z-rodzicemi","status":"publish","type":"post","link":"https:\/\/lo6.szczecin.pl\/index.php\/2018\/03\/22\/zebrania-z-rodzicemi\/","title":{"rendered":"Zebrania z Rodzicemi"},"content":{"rendered":"<p>Dnia 22 marca 2018 r. o godzinie 17:00 odb\u0119d\u0105 si\u0119 zebrania z Rodzicami uczni\u00f3w wszystkich klas. Podczas zebra\u0144 zostan\u0105 przedstawione przewidywane oceny roczne z przedmiot\u00f3w i zachowania dla uczni\u00f3w klas III (zagro\u017cenia ocenami ndst), oraz post\u0119py w nauce uczni\u00f3w klas I i II.<\/p>\n<p>&nbsp;<\/p>\n<p>Przed Zebraniami z Rodzicami odb\u0119dzie si\u0119 Zebranie Rady Rodzic\u00f3w.<\/p>\n","protected":false},"excerpt":{"rendered":"<p>Dnia 22 marca 2018 r. o godzinie 17:00 odb\u0119d\u0105 si\u0119 zebrania z Rodzicami uczni\u00f3w wszystkich klas. Podczas zebra\u0144 zostan\u0105 przedstawione przewidywane oceny roczne z przedmiot\u00f3w i zachowania dla uczni\u00f3w klas III (zagro\u017cenia ocenami ndst), oraz post\u0119py w nauce uczni\u00f3w klas I i II. &nbsp; Przed Zebraniami z Rodzicami odb\u0119dzie si\u0119 Zebranie Rady Rodzic\u00f3w.<\/p>\n","protected":false},"author":3,"featured_media":0,"comment_status":"open","ping_status":"open","sticky":false,"template":"","format":"gallery","meta":{"_acf_changed":false,"_s2mail":"yes","footnotes":""},"categories":[1],"tags":[],"class_list":["post-6510","post","type-post","status-publish","format-gallery","hentry","category-bez-kategorii","post_format-post-format-gallery"],"acf":[],"_links":{"self":[{"href":"https:\/\/lo6.szczecin.pl\/index.php\/wp-json\/wp\/v2\/posts\/6510","targetHints":{"allow":["GET"]}}],"collection":[{"href":"https:\/\/lo6.szczecin.pl\/index.php\/wp-json\/wp\/v2\/posts"}],"about":[{"href":"https:\/\/lo6.szczecin.pl\/index.php\/wp-json\/wp\/v2\/types\/post"}],"author":[{"embeddable":true,"href":"https:\/\/lo6.szczecin.pl\/index.php\/wp-json\/wp\/v2\/users\/3"}],"replies":[{"embeddable":true,"href":"https:\/\/lo6.szczecin.pl\/index.php\/wp-json\/wp\/v2\/comments?post=6510"}],"version-history":[{"count":3,"href":"https:\/\/lo6.szczecin.pl\/index.php\/wp-json\/wp\/v2\/posts\/6510\/revisions"}],"predecessor-version":[{"id":6513,"href":"https:\/\/lo6.szczecin.pl\/index.php\/wp-json\/wp\/v2\/posts\/6510\/revisions\/6513"}],"wp:attachment":[{"href":"https:\/\/lo6.szczecin.pl\/index.php\/wp-json\/wp\/v2\/media?parent=6510"}],"wp:term":[{"taxonomy":"category","embeddable":true,"href":"https:\/\/lo6.szczecin.pl\/index.php\/wp-json\/wp\/v2\/categories?post=6510"},{"taxonomy":"post_tag","embeddable":true,"href":"https:\/\/lo6.szczecin.pl\/index.php\/wp-json\/wp\/v2\/tags?post=6510"}],"curies":[{"name":"wp","href":"https:\/\/api.w.org\/{rel}","templated":true}]}}