{"id":6502,"date":"2018-03-21T07:43:21","date_gmt":"2018-03-21T06:43:21","guid":{"rendered":"http:\/\/lo6.szczecin.pl\/?p=6502"},"modified":"2018-03-21T07:44:01","modified_gmt":"2018-03-21T06:44:01","slug":"olimpiada-wiedzy-o-mediach","status":"publish","type":"post","link":"https:\/\/lo6.szczecin.pl\/index.php\/2018\/03\/21\/olimpiada-wiedzy-o-mediach\/","title":{"rendered":"Olimpiada Wiedzy o Mediach"},"content":{"rendered":"<p>Ju\u017c po raz trzeci uczniowie naszej szko\u0142y zakwalifikowali si\u0119 do etapu centralnego Olimpiady Wiedzy o Mediach, kt\u00f3ry zosta\u0142 przeprowadzony w dn. 16-17.03.2018 w Bibliotece UW na Krakowskim Przedmie\u015bciu w Warszawie.<\/p>\n<p>Laureatem IV edycji olimpiady, uhonorowanym indeksem na wydzia\u0142 dziennikarstwa i komunikacji spo\u0142ecznej zosta\u0142 Konrad Traczyk z klasy II a, a Julii Wr\u00f3blewskiej z tej samej klasy zabrak\u0142o 3 pkt do tytu\u0142u laureatki.<\/p>\n<p>Olimpiada ma bardzo ciekawy przebieg, ostatnia fina\u0142owa rozgrywka ma charakter teleturnieju i odbywa si\u0119 przed wszystkimi uczestnikami etapu centralnego. W tym roku atrakcj\u0105 olimpiady by\u0142a konferencja prasowa z redaktorem Bogdanem Rymanowskim. Zach\u0119camy innych uczni\u00f3w do udzia\u0142u w kolejnej edycji.<\/p>\n","protected":false},"excerpt":{"rendered":"<p>Ju\u017c po raz trzeci uczniowie naszej szko\u0142y zakwalifikowali si\u0119 do etapu centralnego Olimpiady Wiedzy o Mediach, kt\u00f3ry zosta\u0142 przeprowadzony w dn. 16-17.03.2018 w Bibliotece UW na Krakowskim Przedmie\u015bciu w Warszawie. Laureatem IV edycji olimpiady, uhonorowanym indeksem na wydzia\u0142 dziennikarstwa i komunikacji spo\u0142ecznej zosta\u0142 Konrad Traczyk z klasy II a, a Julii Wr\u00f3blewskiej z tej samej&#8230;<\/p>\n","protected":false},"author":3,"featured_media":6505,"comment_status":"open","ping_status":"open","sticky":false,"template":"","format":"gallery","meta":{"_acf_changed":false,"_s2mail":"yes","footnotes":""},"categories":[360,358,359,365],"tags":[],"class_list":["post-6502","post","type-post","status-publish","format-gallery","has-post-thumbnail","hentry","category-dla-kandydatow","category-dla-rodzicow","category-dla-uczniow","category-galeria","post_format-post-format-gallery"],"acf":[],"_links":{"self":[{"href":"https:\/\/lo6.szczecin.pl\/index.php\/wp-json\/wp\/v2\/posts\/6502","targetHints":{"allow":["GET"]}}],"collection":[{"href":"https:\/\/lo6.szczecin.pl\/index.php\/wp-json\/wp\/v2\/posts"}],"about":[{"href":"https:\/\/lo6.szczecin.pl\/index.php\/wp-json\/wp\/v2\/types\/post"}],"author":[{"embeddable":true,"href":"https:\/\/lo6.szczecin.pl\/index.php\/wp-json\/wp\/v2\/users\/3"}],"replies":[{"embeddable":true,"href":"https:\/\/lo6.szczecin.pl\/index.php\/wp-json\/wp\/v2\/comments?post=6502"}],"version-history":[{"count":1,"href":"https:\/\/lo6.szczecin.pl\/index.php\/wp-json\/wp\/v2\/posts\/6502\/revisions"}],"predecessor-version":[{"id":6509,"href":"https:\/\/lo6.szczecin.pl\/index.php\/wp-json\/wp\/v2\/posts\/6502\/revisions\/6509"}],"wp:featuredmedia":[{"embeddable":true,"href":"https:\/\/lo6.szczecin.pl\/index.php\/wp-json\/wp\/v2\/media\/6505"}],"wp:attachment":[{"href":"https:\/\/lo6.szczecin.pl\/index.php\/wp-json\/wp\/v2\/media?parent=6502"}],"wp:term":[{"taxonomy":"category","embeddable":true,"href":"https:\/\/lo6.szczecin.pl\/index.php\/wp-json\/wp\/v2\/categories?post=6502"},{"taxonomy":"post_tag","embeddable":true,"href":"https:\/\/lo6.szczecin.pl\/index.php\/wp-json\/wp\/v2\/tags?post=6502"}],"curies":[{"name":"wp","href":"https:\/\/api.w.org\/{rel}","templated":true}]}}