{"id":6462,"date":"2018-03-09T14:12:07","date_gmt":"2018-03-09T13:12:07","guid":{"rendered":"http:\/\/lo6.szczecin.pl\/?p=6462"},"modified":"2018-03-16T08:20:12","modified_gmt":"2018-03-16T07:20:12","slug":"patronat-wsap-w-szczecinie","status":"publish","type":"post","link":"https:\/\/lo6.szczecin.pl\/index.php\/2018\/03\/09\/patronat-wsap-w-szczecinie\/","title":{"rendered":"Patronat WPiA US"},"content":{"rendered":"<p>Dnia 08.03.2018 r. nast\u0105pi\u0142o podpisanie umowy patronackiej z Wydzia\u0142em Prawa i Administracji US. Umowa zosta\u0142a podpisana przez Pani\u0105 Dyrektor VI LO w Szczecinie Bo\u017cen\u0119 Ulchursk\u0105-Jackowsk\u0105 i Pana Dziekana WPiA US dr hab. Zbigniewa Kuniewicza prof. US.<\/p>\n","protected":false},"excerpt":{"rendered":"<p>Dnia 08.03.2018 r. nast\u0105pi\u0142o podpisanie umowy patronackiej z Wydzia\u0142em Prawa i Administracji US. Umowa zosta\u0142a podpisana przez Pani\u0105 Dyrektor VI LO w Szczecinie Bo\u017cen\u0119 Ulchursk\u0105-Jackowsk\u0105 i Pana Dziekana WPiA US dr hab. Zbigniewa Kuniewicza prof. US.<\/p>\n","protected":false},"author":3,"featured_media":6467,"comment_status":"open","ping_status":"open","sticky":false,"template":"","format":"gallery","meta":{"_acf_changed":false,"_s2mail":"yes","footnotes":""},"categories":[360,358,359,365],"tags":[],"class_list":["post-6462","post","type-post","status-publish","format-gallery","has-post-thumbnail","hentry","category-dla-kandydatow","category-dla-rodzicow","category-dla-uczniow","category-galeria","post_format-post-format-gallery"],"acf":[],"_links":{"self":[{"href":"https:\/\/lo6.szczecin.pl\/index.php\/wp-json\/wp\/v2\/posts\/6462","targetHints":{"allow":["GET"]}}],"collection":[{"href":"https:\/\/lo6.szczecin.pl\/index.php\/wp-json\/wp\/v2\/posts"}],"about":[{"href":"https:\/\/lo6.szczecin.pl\/index.php\/wp-json\/wp\/v2\/types\/post"}],"author":[{"embeddable":true,"href":"https:\/\/lo6.szczecin.pl\/index.php\/wp-json\/wp\/v2\/users\/3"}],"replies":[{"embeddable":true,"href":"https:\/\/lo6.szczecin.pl\/index.php\/wp-json\/wp\/v2\/comments?post=6462"}],"version-history":[{"count":4,"href":"https:\/\/lo6.szczecin.pl\/index.php\/wp-json\/wp\/v2\/posts\/6462\/revisions"}],"predecessor-version":[{"id":6477,"href":"https:\/\/lo6.szczecin.pl\/index.php\/wp-json\/wp\/v2\/posts\/6462\/revisions\/6477"}],"wp:featuredmedia":[{"embeddable":true,"href":"https:\/\/lo6.szczecin.pl\/index.php\/wp-json\/wp\/v2\/media\/6467"}],"wp:attachment":[{"href":"https:\/\/lo6.szczecin.pl\/index.php\/wp-json\/wp\/v2\/media?parent=6462"}],"wp:term":[{"taxonomy":"category","embeddable":true,"href":"https:\/\/lo6.szczecin.pl\/index.php\/wp-json\/wp\/v2\/categories?post=6462"},{"taxonomy":"post_tag","embeddable":true,"href":"https:\/\/lo6.szczecin.pl\/index.php\/wp-json\/wp\/v2\/tags?post=6462"}],"curies":[{"name":"wp","href":"https:\/\/api.w.org\/{rel}","templated":true}]}}