{"id":6458,"date":"2018-03-08T14:12:39","date_gmt":"2018-03-08T13:12:39","guid":{"rendered":"http:\/\/lo6.szczecin.pl\/?p=6458"},"modified":"2018-03-27T13:55:49","modified_gmt":"2018-03-27T11:55:49","slug":"wicemistrzynie-spg-szczecin","status":"publish","type":"post","link":"https:\/\/lo6.szczecin.pl\/index.php\/2018\/03\/08\/wicemistrzynie-spg-szczecin\/","title":{"rendered":"Wicemistrzynie SPG Szczecin"},"content":{"rendered":"<p>Z przyjemno\u015bci\u0105 informujemy, i\u017c podczas wczorajszego meczu fina\u0142owego nasza reprezentacja szko\u0142y pi\u0142ki koszykowej dziewcz\u0105t zaj\u0119\u0142a II miejsce, jednocze\u015bnie zdobywaj\u0105c tytu\u0142 wicemistrzy\u0144 Szczecina SPG.<\/p>\n<p>Dziewcz\u0119ta gra\u0142y w sk\u0142adzie:<br \/>\nPatrycja Czubek (1b2),<br \/>\nSylwia Zwindowska (1b2),<br \/>\nSandra Daniluk ( 2b1),<br \/>\nNikola Senisz (2b1),<br \/>\nWeronika Tessmer (3b1),<br \/>\nAleksandra Chyla (3b1),<br \/>\nKonstancja Kara\u015b (3b1)-kapitan zespo\u0142u.<\/p>\n<p>Gratulujemy.<\/p>\n","protected":false},"excerpt":{"rendered":"<p>Z przyjemno\u015bci\u0105 informujemy, i\u017c podczas wczorajszego meczu fina\u0142owego nasza reprezentacja szko\u0142y pi\u0142ki koszykowej dziewcz\u0105t zaj\u0119\u0142a II miejsce, jednocze\u015bnie zdobywaj\u0105c tytu\u0142 wicemistrzy\u0144 Szczecina SPG. Dziewcz\u0119ta gra\u0142y w sk\u0142adzie: Patrycja Czubek (1b2), Sylwia Zwindowska (1b2), Sandra Daniluk ( 2b1), Nikola Senisz (2b1), Weronika Tessmer (3b1), Aleksandra Chyla (3b1), Konstancja Kara\u015b (3b1)-kapitan zespo\u0142u. Gratulujemy.<\/p>\n","protected":false},"author":3,"featured_media":6459,"comment_status":"open","ping_status":"open","sticky":false,"template":"","format":"gallery","meta":{"_acf_changed":false,"_s2mail":"yes","footnotes":""},"categories":[360,358,359,365],"tags":[],"class_list":["post-6458","post","type-post","status-publish","format-gallery","has-post-thumbnail","hentry","category-dla-kandydatow","category-dla-rodzicow","category-dla-uczniow","category-galeria","post_format-post-format-gallery"],"acf":[],"_links":{"self":[{"href":"https:\/\/lo6.szczecin.pl\/index.php\/wp-json\/wp\/v2\/posts\/6458","targetHints":{"allow":["GET"]}}],"collection":[{"href":"https:\/\/lo6.szczecin.pl\/index.php\/wp-json\/wp\/v2\/posts"}],"about":[{"href":"https:\/\/lo6.szczecin.pl\/index.php\/wp-json\/wp\/v2\/types\/post"}],"author":[{"embeddable":true,"href":"https:\/\/lo6.szczecin.pl\/index.php\/wp-json\/wp\/v2\/users\/3"}],"replies":[{"embeddable":true,"href":"https:\/\/lo6.szczecin.pl\/index.php\/wp-json\/wp\/v2\/comments?post=6458"}],"version-history":[{"count":3,"href":"https:\/\/lo6.szczecin.pl\/index.php\/wp-json\/wp\/v2\/posts\/6458\/revisions"}],"predecessor-version":[{"id":6571,"href":"https:\/\/lo6.szczecin.pl\/index.php\/wp-json\/wp\/v2\/posts\/6458\/revisions\/6571"}],"wp:featuredmedia":[{"embeddable":true,"href":"https:\/\/lo6.szczecin.pl\/index.php\/wp-json\/wp\/v2\/media\/6459"}],"wp:attachment":[{"href":"https:\/\/lo6.szczecin.pl\/index.php\/wp-json\/wp\/v2\/media?parent=6458"}],"wp:term":[{"taxonomy":"category","embeddable":true,"href":"https:\/\/lo6.szczecin.pl\/index.php\/wp-json\/wp\/v2\/categories?post=6458"},{"taxonomy":"post_tag","embeddable":true,"href":"https:\/\/lo6.szczecin.pl\/index.php\/wp-json\/wp\/v2\/tags?post=6458"}],"curies":[{"name":"wp","href":"https:\/\/api.w.org\/{rel}","templated":true}]}}