{"id":6436,"date":"2018-03-08T13:24:52","date_gmt":"2018-03-08T12:24:52","guid":{"rendered":"http:\/\/lo6.szczecin.pl\/?p=6436"},"modified":"2018-03-08T13:27:30","modified_gmt":"2018-03-08T12:27:30","slug":"dzien-mozgu","status":"publish","type":"post","link":"https:\/\/lo6.szczecin.pl\/index.php\/2018\/03\/08\/dzien-mozgu\/","title":{"rendered":"Dzie\u0144 M\u00f3zgu"},"content":{"rendered":"<div id=\"imCellStyle_1\">\n<div id=\"imTextObject_01\">\n<div id=\"imTextObject_01_tab0\" class=\"text-tab-content\">\n<div class=\"text-inner\">\n<div><span class=\"fs18 ff1\">VII Mi\u0119dzyuczelniana Konferencja &#8211; <span class=\"cf1\"> Dzie\u0144 M\u00f3zgu &#8211;<\/span>&#8220;M\u00f3zg pod presj\u0105 wsp\u00f3\u0142czesno\u015bci &#8211; technologie &#8211; pomoc czy zagro\u017cenie&#8221;.<\/span><\/div>\n<div>Zapraszamy do zg\u0142aszania swojego udzia\u0142u: <a href=\"http:\/\/www.dzienmozguszczecin.pl\/\" target=\"_blank\" rel=\"nofollow noopener noreferrer\" data-ft=\"{&quot;tn&quot;:&quot;-U&quot;}\" data-lynx-mode=\"asynclazy\" data-lynx-uri=\"https:\/\/l.facebook.com\/l.php?u=http%3A%2F%2Fwww.dzienmozguszczecin.pl%2F&amp;h=ATOZKT_cO4W0Edggu8ZCYcipkHii27PAyrhFiFP5raAJIH7WCnK9qidzdNirDQaQe8sxdmcV6doniz9HEcBBmm4PwaUsB7FH9WkMVPVdnu1g835uYfwAEAv7WrldUkH8IkoataM\">http:\/\/www.dzienmozguszczecin.pl\/<\/a><\/div>\n<\/div>\n<\/div>\n<\/div>\n<\/div>\n","protected":false},"excerpt":{"rendered":"<p>VII Mi\u0119dzyuczelniana Konferencja &#8211; Dzie\u0144 M\u00f3zgu &#8211;&#8220;M\u00f3zg pod presj\u0105 wsp\u00f3\u0142czesno\u015bci &#8211; technologie &#8211; pomoc czy zagro\u017cenie&#8221;. Zapraszamy do zg\u0142aszania swojego udzia\u0142u: http:\/\/www.dzienmozguszczecin.pl\/<\/p>\n","protected":false},"author":3,"featured_media":6442,"comment_status":"open","ping_status":"open","sticky":false,"template":"","format":"gallery","meta":{"_acf_changed":false,"_s2mail":"yes","footnotes":""},"categories":[360,358,359,365],"tags":[],"class_list":["post-6436","post","type-post","status-publish","format-gallery","has-post-thumbnail","hentry","category-dla-kandydatow","category-dla-rodzicow","category-dla-uczniow","category-galeria","post_format-post-format-gallery"],"acf":[],"_links":{"self":[{"href":"https:\/\/lo6.szczecin.pl\/index.php\/wp-json\/wp\/v2\/posts\/6436","targetHints":{"allow":["GET"]}}],"collection":[{"href":"https:\/\/lo6.szczecin.pl\/index.php\/wp-json\/wp\/v2\/posts"}],"about":[{"href":"https:\/\/lo6.szczecin.pl\/index.php\/wp-json\/wp\/v2\/types\/post"}],"author":[{"embeddable":true,"href":"https:\/\/lo6.szczecin.pl\/index.php\/wp-json\/wp\/v2\/users\/3"}],"replies":[{"embeddable":true,"href":"https:\/\/lo6.szczecin.pl\/index.php\/wp-json\/wp\/v2\/comments?post=6436"}],"version-history":[{"count":1,"href":"https:\/\/lo6.szczecin.pl\/index.php\/wp-json\/wp\/v2\/posts\/6436\/revisions"}],"predecessor-version":[{"id":6440,"href":"https:\/\/lo6.szczecin.pl\/index.php\/wp-json\/wp\/v2\/posts\/6436\/revisions\/6440"}],"wp:featuredmedia":[{"embeddable":true,"href":"https:\/\/lo6.szczecin.pl\/index.php\/wp-json\/wp\/v2\/media\/6442"}],"wp:attachment":[{"href":"https:\/\/lo6.szczecin.pl\/index.php\/wp-json\/wp\/v2\/media?parent=6436"}],"wp:term":[{"taxonomy":"category","embeddable":true,"href":"https:\/\/lo6.szczecin.pl\/index.php\/wp-json\/wp\/v2\/categories?post=6436"},{"taxonomy":"post_tag","embeddable":true,"href":"https:\/\/lo6.szczecin.pl\/index.php\/wp-json\/wp\/v2\/tags?post=6436"}],"curies":[{"name":"wp","href":"https:\/\/api.w.org\/{rel}","templated":true}]}}