{"id":6429,"date":"2018-02-20T10:08:20","date_gmt":"2018-02-20T09:08:20","guid":{"rendered":"http:\/\/lo6.szczecin.pl\/?p=6429"},"modified":"2018-03-05T10:12:57","modified_gmt":"2018-03-05T09:12:57","slug":"spotkanie-klasy-1a-z-poetka","status":"publish","type":"post","link":"https:\/\/lo6.szczecin.pl\/index.php\/2018\/02\/20\/spotkanie-klasy-1a-z-poetka\/","title":{"rendered":"SPOTKANIE KLASY 1A Z POETK\u0104"},"content":{"rendered":"<p>14 lutego 2018 r. klasa 1a go\u015bci\u0142a szczeci\u0144sk\u0105 poetk\u0119 Ma\u0142gorzat\u0119 Hrycaj. Jako \u017ce pretekstem do spotkania by\u0142y walentynki, podczas blisko dwugodzinnej uczty poetyckiej wybrzmiewa\u0142y przede wszystkim strofy o mi\u0142o\u015bci ? autorstwa zar\u00f3wno samej pani Ma\u0142gorzaty Hrycaj, jak i te wybrane przez uczni\u00f3w klasy 1a. Ciekawym punktem spotkania by\u0142a dyskusja na temat obchod\u00f3w walentynek w naszym kraju, w szczeg\u00f3lno\u015bci za\u015b ich komercyjnego charakteru.<\/p>\n<p><strong>MA\u0141GORZATA HRYCAJ<\/strong> ? szczecinianka, absolwentka Uniwersytetu Szczeci\u0144skiego, logopeda, sercem g\u00f3ralka, ka\u017cd\u0105 woln\u0105 chwil\u0119 sp\u0119dza w\u00a0Ko\u015bcielisku. Poetka liryczna; laureatka licznych konkurs\u00f3w literackich. Autorka tomiku poetyckiego ?Pod baldachimem krwawnika? (wrzesie\u0144 2016). Publikowa\u0142a swoje wiersze r\u00f3wnie\u017c w\u00a0almanachach pokonkursowych, w\u00a0?Poezji dzisiaj?, ?Liry Dram?, antologii poezji ?\u0141\u00f3d\u017a tkanina z\u00a0wadami? oraz\u00a0\u00a0w \u00a0e ? magazynach: ?Minotauryda?, ?Na stronie?, ?Przemyska Lo\u017ca Artystyczna?.<\/p>\n<p>Od\u00a02016 roku ? redaktor \u00a0e ? magazynu Horyzonty. Uczestniczka licznych spotka\u0144 i\u00a0slam\u00f3w poetyckich. Opr\u00f3cz poezji uwielbia taniec i\u00a0w\u0142\u00f3cz\u0119gi po\u00a0g\u00f3rach.<\/p>\n<p><em>\u017ar\u00f3d\u0142o: http:\/\/palac.szczecin.pl\/2016\/11\/w-palacu-literacko-z-malgorzata-hrycaj\/<\/em><\/p>\n","protected":false},"excerpt":{"rendered":"<p>14 lutego 2018 r. klasa 1a go\u015bci\u0142a szczeci\u0144sk\u0105 poetk\u0119 Ma\u0142gorzat\u0119 Hrycaj. Jako \u017ce pretekstem do spotkania by\u0142y walentynki, podczas blisko dwugodzinnej uczty poetyckiej wybrzmiewa\u0142y przede wszystkim strofy o mi\u0142o\u015bci ? autorstwa zar\u00f3wno samej pani Ma\u0142gorzaty Hrycaj, jak i te wybrane przez uczni\u00f3w klasy 1a. Ciekawym punktem spotkania by\u0142a dyskusja na temat obchod\u00f3w walentynek w naszym&#8230;<\/p>\n","protected":false},"author":3,"featured_media":6431,"comment_status":"open","ping_status":"open","sticky":false,"template":"","format":"gallery","meta":{"_acf_changed":false,"_s2mail":"yes","footnotes":""},"categories":[365],"tags":[],"class_list":["post-6429","post","type-post","status-publish","format-gallery","has-post-thumbnail","hentry","category-galeria","post_format-post-format-gallery"],"acf":[],"_links":{"self":[{"href":"https:\/\/lo6.szczecin.pl\/index.php\/wp-json\/wp\/v2\/posts\/6429","targetHints":{"allow":["GET"]}}],"collection":[{"href":"https:\/\/lo6.szczecin.pl\/index.php\/wp-json\/wp\/v2\/posts"}],"about":[{"href":"https:\/\/lo6.szczecin.pl\/index.php\/wp-json\/wp\/v2\/types\/post"}],"author":[{"embeddable":true,"href":"https:\/\/lo6.szczecin.pl\/index.php\/wp-json\/wp\/v2\/users\/3"}],"replies":[{"embeddable":true,"href":"https:\/\/lo6.szczecin.pl\/index.php\/wp-json\/wp\/v2\/comments?post=6429"}],"version-history":[{"count":1,"href":"https:\/\/lo6.szczecin.pl\/index.php\/wp-json\/wp\/v2\/posts\/6429\/revisions"}],"predecessor-version":[{"id":6432,"href":"https:\/\/lo6.szczecin.pl\/index.php\/wp-json\/wp\/v2\/posts\/6429\/revisions\/6432"}],"wp:featuredmedia":[{"embeddable":true,"href":"https:\/\/lo6.szczecin.pl\/index.php\/wp-json\/wp\/v2\/media\/6431"}],"wp:attachment":[{"href":"https:\/\/lo6.szczecin.pl\/index.php\/wp-json\/wp\/v2\/media?parent=6429"}],"wp:term":[{"taxonomy":"category","embeddable":true,"href":"https:\/\/lo6.szczecin.pl\/index.php\/wp-json\/wp\/v2\/categories?post=6429"},{"taxonomy":"post_tag","embeddable":true,"href":"https:\/\/lo6.szczecin.pl\/index.php\/wp-json\/wp\/v2\/tags?post=6429"}],"curies":[{"name":"wp","href":"https:\/\/api.w.org\/{rel}","templated":true}]}}