{"id":6426,"date":"2018-02-28T10:06:29","date_gmt":"2018-02-28T09:06:29","guid":{"rendered":"http:\/\/lo6.szczecin.pl\/?p=6426"},"modified":"2018-03-05T10:07:51","modified_gmt":"2018-03-05T09:07:51","slug":"spotkanie-klasy-1a-z-radca-prawnym","status":"publish","type":"post","link":"https:\/\/lo6.szczecin.pl\/index.php\/2018\/02\/28\/spotkanie-klasy-1a-z-radca-prawnym\/","title":{"rendered":"SPOTKANIE KLASY 1A Z RADC\u0104 PRAWNYM"},"content":{"rendered":"<p>27 lutego 2018 r. uczniowie klasy 1A spotkali si\u0119 z radc\u0105 prawnym ? pani\u0105 Agnieszka Jankowsk\u0105-Gazd\u0105. Podczas godzinnej prelekcji m\u0142odzie\u017c pozna\u0142a drog\u0119 do zawodu prawnika oraz kierunki kszta\u0142cenia w ramach aplikacji. Ponadto, mia\u0142a okazj\u0119 dowiedzie\u0107 si\u0119, jak mo\u017cna kierowa\u0107 swoim rozwojem zawodowym po uko\u0144czeniu studi\u00f3w prawniczych. W drugiej cz\u0119\u015bci spotkania uczniowie zadawali pytania. Dzi\u0119ki lekcji, kt\u00f3ra przebiega\u0142a w bardzo mi\u0142ej atmosferze, wielu utwierdzi\u0142o si\u0119 w przekonaniu, \u017ce marzenia o studiach prawniczych to dobry wyb\u00f3r, inni za\u015b zacz\u0119li powa\u017cnie my\u015ble\u0107 o tym kierunku.<\/p>\n","protected":false},"excerpt":{"rendered":"<p>27 lutego 2018 r. uczniowie klasy 1A spotkali si\u0119 z radc\u0105 prawnym ? pani\u0105 Agnieszka Jankowsk\u0105-Gazd\u0105. Podczas godzinnej prelekcji m\u0142odzie\u017c pozna\u0142a drog\u0119 do zawodu prawnika oraz kierunki kszta\u0142cenia w ramach aplikacji. Ponadto, mia\u0142a okazj\u0119 dowiedzie\u0107 si\u0119, jak mo\u017cna kierowa\u0107 swoim rozwojem zawodowym po uko\u0144czeniu studi\u00f3w prawniczych. W drugiej cz\u0119\u015bci spotkania uczniowie zadawali pytania. Dzi\u0119ki lekcji,&#8230;<\/p>\n","protected":false},"author":3,"featured_media":6427,"comment_status":"open","ping_status":"open","sticky":false,"template":"","format":"gallery","meta":{"_acf_changed":false,"_s2mail":"yes","footnotes":""},"categories":[1],"tags":[],"class_list":["post-6426","post","type-post","status-publish","format-gallery","has-post-thumbnail","hentry","category-bez-kategorii","post_format-post-format-gallery"],"acf":[],"_links":{"self":[{"href":"https:\/\/lo6.szczecin.pl\/index.php\/wp-json\/wp\/v2\/posts\/6426","targetHints":{"allow":["GET"]}}],"collection":[{"href":"https:\/\/lo6.szczecin.pl\/index.php\/wp-json\/wp\/v2\/posts"}],"about":[{"href":"https:\/\/lo6.szczecin.pl\/index.php\/wp-json\/wp\/v2\/types\/post"}],"author":[{"embeddable":true,"href":"https:\/\/lo6.szczecin.pl\/index.php\/wp-json\/wp\/v2\/users\/3"}],"replies":[{"embeddable":true,"href":"https:\/\/lo6.szczecin.pl\/index.php\/wp-json\/wp\/v2\/comments?post=6426"}],"version-history":[{"count":1,"href":"https:\/\/lo6.szczecin.pl\/index.php\/wp-json\/wp\/v2\/posts\/6426\/revisions"}],"predecessor-version":[{"id":6428,"href":"https:\/\/lo6.szczecin.pl\/index.php\/wp-json\/wp\/v2\/posts\/6426\/revisions\/6428"}],"wp:featuredmedia":[{"embeddable":true,"href":"https:\/\/lo6.szczecin.pl\/index.php\/wp-json\/wp\/v2\/media\/6427"}],"wp:attachment":[{"href":"https:\/\/lo6.szczecin.pl\/index.php\/wp-json\/wp\/v2\/media?parent=6426"}],"wp:term":[{"taxonomy":"category","embeddable":true,"href":"https:\/\/lo6.szczecin.pl\/index.php\/wp-json\/wp\/v2\/categories?post=6426"},{"taxonomy":"post_tag","embeddable":true,"href":"https:\/\/lo6.szczecin.pl\/index.php\/wp-json\/wp\/v2\/tags?post=6426"}],"curies":[{"name":"wp","href":"https:\/\/api.w.org\/{rel}","templated":true}]}}