{"id":6417,"date":"2018-03-05T10:02:12","date_gmt":"2018-03-05T09:02:12","guid":{"rendered":"http:\/\/lo6.szczecin.pl\/?p=6417"},"modified":"2018-03-05T11:14:11","modified_gmt":"2018-03-05T10:14:11","slug":"kolejna-wiktoria-wiktorii","status":"publish","type":"post","link":"https:\/\/lo6.szczecin.pl\/index.php\/2018\/03\/05\/kolejna-wiktoria-wiktorii\/","title":{"rendered":"Kolejna wiktoria Wiktorii"},"content":{"rendered":"<p>Z rado\u015bci\u0105 informujemy, \u017ce podobnie jak w roku ubieg\u0142ym Wiktoria Korzeniowska z klasy 2c zosta\u0142a finalistk\u0105 Wojew\u00f3dzkiego Konkursu Astronomiczno &#8211; Astronautycznego zajmuj\u0105c w finale drugie miejsce oraz zdobywaj\u0105c wyr\u00f3\u017cnienie. Gratulujemy sukcesu!<\/p>\n<div class=\"yj6qo\"><\/div>\n","protected":false},"excerpt":{"rendered":"<p>Z rado\u015bci\u0105 informujemy, \u017ce podobnie jak w roku ubieg\u0142ym Wiktoria Korzeniowska z klasy 2c zosta\u0142a finalistk\u0105 Wojew\u00f3dzkiego Konkursu Astronomiczno &#8211; Astronautycznego zajmuj\u0105c w finale drugie miejsce oraz zdobywaj\u0105c wyr\u00f3\u017cnienie. Gratulujemy sukcesu!<\/p>\n","protected":false},"author":3,"featured_media":6434,"comment_status":"open","ping_status":"open","sticky":false,"template":"","format":"gallery","meta":{"_acf_changed":false,"_s2mail":"yes","footnotes":""},"categories":[360,358,359,365],"tags":[],"class_list":["post-6417","post","type-post","status-publish","format-gallery","has-post-thumbnail","hentry","category-dla-kandydatow","category-dla-rodzicow","category-dla-uczniow","category-galeria","post_format-post-format-gallery"],"acf":[],"_links":{"self":[{"href":"https:\/\/lo6.szczecin.pl\/index.php\/wp-json\/wp\/v2\/posts\/6417","targetHints":{"allow":["GET"]}}],"collection":[{"href":"https:\/\/lo6.szczecin.pl\/index.php\/wp-json\/wp\/v2\/posts"}],"about":[{"href":"https:\/\/lo6.szczecin.pl\/index.php\/wp-json\/wp\/v2\/types\/post"}],"author":[{"embeddable":true,"href":"https:\/\/lo6.szczecin.pl\/index.php\/wp-json\/wp\/v2\/users\/3"}],"replies":[{"embeddable":true,"href":"https:\/\/lo6.szczecin.pl\/index.php\/wp-json\/wp\/v2\/comments?post=6417"}],"version-history":[{"count":1,"href":"https:\/\/lo6.szczecin.pl\/index.php\/wp-json\/wp\/v2\/posts\/6417\/revisions"}],"predecessor-version":[{"id":6425,"href":"https:\/\/lo6.szczecin.pl\/index.php\/wp-json\/wp\/v2\/posts\/6417\/revisions\/6425"}],"wp:featuredmedia":[{"embeddable":true,"href":"https:\/\/lo6.szczecin.pl\/index.php\/wp-json\/wp\/v2\/media\/6434"}],"wp:attachment":[{"href":"https:\/\/lo6.szczecin.pl\/index.php\/wp-json\/wp\/v2\/media?parent=6417"}],"wp:term":[{"taxonomy":"category","embeddable":true,"href":"https:\/\/lo6.szczecin.pl\/index.php\/wp-json\/wp\/v2\/categories?post=6417"},{"taxonomy":"post_tag","embeddable":true,"href":"https:\/\/lo6.szczecin.pl\/index.php\/wp-json\/wp\/v2\/tags?post=6417"}],"curies":[{"name":"wp","href":"https:\/\/api.w.org\/{rel}","templated":true}]}}