{"id":6408,"date":"2018-03-05T09:57:46","date_gmt":"2018-03-05T08:57:46","guid":{"rendered":"http:\/\/lo6.szczecin.pl\/?p=6408"},"modified":"2018-03-05T09:57:46","modified_gmt":"2018-03-05T08:57:46","slug":"niezwykly-chlopak","status":"publish","type":"post","link":"https:\/\/lo6.szczecin.pl\/index.php\/2018\/03\/05\/niezwykly-chlopak\/","title":{"rendered":"(Nie)zwyk\u0142y ch\u0142opak"},"content":{"rendered":"<p>Z rado\u015bci\u0105 informujemy, i\u017c ucze\u0144 naszej szko\u0142y, Micha\u0142 Adamski, zosta\u0142 uhonorowany przez Prezydenta Miasta Szczecin, Pana Piotra Krzystka, listem gratulacyjnym oraz okoliczno\u015bciowym upominkiem za wzorow\u0105 postaw\u0119, jak\u0105 wykaza\u0142 si\u0119 ratuj\u0105c ludzkie \u017cycie. Kilka dni temu Micha\u0142, jak co dzie\u0144, wsiad\u0142 do poci\u0105gu w Goleniowie, by dotrze\u0107 na lekcje do szko\u0142y. O tym, co wydarzy\u0142o si\u0119 p\u00f3\u017aniej mo\u017cna us\u0142ysze\u0107 na stronie <a href=\"https:\/\/www.youtube.com\/watch?v=Y-ApgkJv6lo\">https:\/\/www.youtube.com\/watch?v=Y-ApgkJv6lo<\/a><\/p>\n<p>My wiemy jedno, Micha\u0142 wykaza\u0142 si\u0119 niezwyk\u0142ym jak na sw\u00f3j wiek profesjonalizmem, stanowczo\u015bci\u0105 i konsekwencj\u0105 w dzia\u0142aniu. I cho\u0107 sam broni si\u0119 przed okre\u015bleniem bohater, dla nas nim jest, bo \u017cycie ludzkie jest bezcenne, a jak powiedzia\u0142 Marek Edelman, dla ka\u017cdego cz\u0142owiek jego \u017cycie to ca\u0142e 100%.<\/p>\n<p>Gratulujemy i jeste\u015bmy dumni!<\/p>\n","protected":false},"excerpt":{"rendered":"<p>Z rado\u015bci\u0105 informujemy, i\u017c ucze\u0144 naszej szko\u0142y, Micha\u0142 Adamski, zosta\u0142 uhonorowany przez Prezydenta Miasta Szczecin, Pana Piotra Krzystka, listem gratulacyjnym oraz okoliczno\u015bciowym upominkiem za wzorow\u0105 postaw\u0119, jak\u0105 wykaza\u0142 si\u0119 ratuj\u0105c ludzkie \u017cycie. Kilka dni temu Micha\u0142, jak co dzie\u0144, wsiad\u0142 do poci\u0105gu w Goleniowie, by dotrze\u0107 na lekcje do szko\u0142y. O tym, co wydarzy\u0142o si\u0119&#8230;<\/p>\n","protected":false},"author":3,"featured_media":6414,"comment_status":"open","ping_status":"open","sticky":false,"template":"","format":"gallery","meta":{"_acf_changed":false,"_s2mail":"yes","footnotes":""},"categories":[360,358,359,365],"tags":[],"class_list":["post-6408","post","type-post","status-publish","format-gallery","has-post-thumbnail","hentry","category-dla-kandydatow","category-dla-rodzicow","category-dla-uczniow","category-galeria","post_format-post-format-gallery"],"acf":[],"_links":{"self":[{"href":"https:\/\/lo6.szczecin.pl\/index.php\/wp-json\/wp\/v2\/posts\/6408","targetHints":{"allow":["GET"]}}],"collection":[{"href":"https:\/\/lo6.szczecin.pl\/index.php\/wp-json\/wp\/v2\/posts"}],"about":[{"href":"https:\/\/lo6.szczecin.pl\/index.php\/wp-json\/wp\/v2\/types\/post"}],"author":[{"embeddable":true,"href":"https:\/\/lo6.szczecin.pl\/index.php\/wp-json\/wp\/v2\/users\/3"}],"replies":[{"embeddable":true,"href":"https:\/\/lo6.szczecin.pl\/index.php\/wp-json\/wp\/v2\/comments?post=6408"}],"version-history":[{"count":1,"href":"https:\/\/lo6.szczecin.pl\/index.php\/wp-json\/wp\/v2\/posts\/6408\/revisions"}],"predecessor-version":[{"id":6416,"href":"https:\/\/lo6.szczecin.pl\/index.php\/wp-json\/wp\/v2\/posts\/6408\/revisions\/6416"}],"wp:featuredmedia":[{"embeddable":true,"href":"https:\/\/lo6.szczecin.pl\/index.php\/wp-json\/wp\/v2\/media\/6414"}],"wp:attachment":[{"href":"https:\/\/lo6.szczecin.pl\/index.php\/wp-json\/wp\/v2\/media?parent=6408"}],"wp:term":[{"taxonomy":"category","embeddable":true,"href":"https:\/\/lo6.szczecin.pl\/index.php\/wp-json\/wp\/v2\/categories?post=6408"},{"taxonomy":"post_tag","embeddable":true,"href":"https:\/\/lo6.szczecin.pl\/index.php\/wp-json\/wp\/v2\/tags?post=6408"}],"curies":[{"name":"wp","href":"https:\/\/api.w.org\/{rel}","templated":true}]}}