{"id":6381,"date":"2018-02-26T10:26:56","date_gmt":"2018-02-26T09:26:56","guid":{"rendered":"http:\/\/lo6.szczecin.pl\/?p=6381"},"modified":"2018-02-26T10:26:56","modified_gmt":"2018-02-26T09:26:56","slug":"michal-lachowicz-wsrod-mlodych-naukowcow-explory","status":"publish","type":"post","link":"https:\/\/lo6.szczecin.pl\/index.php\/2018\/02\/26\/michal-lachowicz-wsrod-mlodych-naukowcow-explory\/","title":{"rendered":"Micha\u0142 Lachowicz w\u015br\u00f3d m\u0142odych naukowc\u00f3w E(x)plory"},"content":{"rendered":"<p>W pi\u0105tek 23.02.2018r w Technoparku Pomerania odby\u0142 si\u0119 Regionalny Festiwal Naukowy E(x)plory 2018.<br \/>\nDo prezentacji swojego projektu w ramach festiwalu zaproszony zosta\u0142 przez Fundacj\u0119 Zaawansowanych Technologii, organizatora konkursu M\u0142odych Naukowc\u00f3w E(x)plory, ucze\u0144 naszej szko\u0142y Micha\u0142 Lachowicz (klasa 1c).<br \/>\nProjekt Micha\u0142a pod nazw\u0105 &#8220;Metronom nadgarstkowy&#8221; znalaz\u0142 si\u0119 w\u015br\u00f3d 20 najlepszych projekt\u00f3w regionu obejmuj\u0105cego mi\u0119dzy innymi miasta Szczecin, Pozna\u0144, Gda\u0144sk, Gdyni\u0119, S\u0142upsk oraz zagranic\u0119. W auli wystawowej prezentowali swoje projekty uczniowie szk\u00f3\u0142 \u015brednich, ale r\u00f3wnie\u017c studenci (ZUT).<br \/>\nProjekt Micha\u0142a cieszy\u0142 si\u0119 du\u017cym zainteresowaniem. Micha\u0142 prezentowa\u0142 go mi\u0119dzy innymi pani Magdalenie Zar\u0119bie-Kuleszy Zachodniopomorskiej Kurator O\u015bwiaty, zast\u0119pcy prezydenta miasta Szczecin panu Krzysztofowi Sosce, oraz wielu innym znamienitym go\u015bciom. Mogli\u015bmy te\u017c wywiad z nim us\u0142ysze\u0107 w radio a nawet zobaczy\u0107 w lokalnej Kronice TV. Gratulujemy, \u017cyczymy nieustaj\u0105cej pasji naukowej i oczywi\u015bcie czekamy na dalszy rozw\u00f3j projektu.<\/p>\n","protected":false},"excerpt":{"rendered":"<p>W pi\u0105tek 23.02.2018r w Technoparku Pomerania odby\u0142 si\u0119 Regionalny Festiwal Naukowy E(x)plory 2018. Do prezentacji swojego projektu w ramach festiwalu zaproszony zosta\u0142 przez Fundacj\u0119 Zaawansowanych Technologii, organizatora konkursu M\u0142odych Naukowc\u00f3w E(x)plory, ucze\u0144 naszej szko\u0142y Micha\u0142 Lachowicz (klasa 1c). Projekt Micha\u0142a pod nazw\u0105 &#8220;Metronom nadgarstkowy&#8221; znalaz\u0142 si\u0119 w\u015br\u00f3d 20 najlepszych projekt\u00f3w regionu obejmuj\u0105cego mi\u0119dzy innymi miasta&#8230;<\/p>\n","protected":false},"author":3,"featured_media":6384,"comment_status":"open","ping_status":"open","sticky":false,"template":"","format":"gallery","meta":{"_acf_changed":false,"_s2mail":"yes","footnotes":""},"categories":[1],"tags":[],"class_list":["post-6381","post","type-post","status-publish","format-gallery","has-post-thumbnail","hentry","category-bez-kategorii","post_format-post-format-gallery"],"acf":[],"_links":{"self":[{"href":"https:\/\/lo6.szczecin.pl\/index.php\/wp-json\/wp\/v2\/posts\/6381","targetHints":{"allow":["GET"]}}],"collection":[{"href":"https:\/\/lo6.szczecin.pl\/index.php\/wp-json\/wp\/v2\/posts"}],"about":[{"href":"https:\/\/lo6.szczecin.pl\/index.php\/wp-json\/wp\/v2\/types\/post"}],"author":[{"embeddable":true,"href":"https:\/\/lo6.szczecin.pl\/index.php\/wp-json\/wp\/v2\/users\/3"}],"replies":[{"embeddable":true,"href":"https:\/\/lo6.szczecin.pl\/index.php\/wp-json\/wp\/v2\/comments?post=6381"}],"version-history":[{"count":1,"href":"https:\/\/lo6.szczecin.pl\/index.php\/wp-json\/wp\/v2\/posts\/6381\/revisions"}],"predecessor-version":[{"id":6390,"href":"https:\/\/lo6.szczecin.pl\/index.php\/wp-json\/wp\/v2\/posts\/6381\/revisions\/6390"}],"wp:featuredmedia":[{"embeddable":true,"href":"https:\/\/lo6.szczecin.pl\/index.php\/wp-json\/wp\/v2\/media\/6384"}],"wp:attachment":[{"href":"https:\/\/lo6.szczecin.pl\/index.php\/wp-json\/wp\/v2\/media?parent=6381"}],"wp:term":[{"taxonomy":"category","embeddable":true,"href":"https:\/\/lo6.szczecin.pl\/index.php\/wp-json\/wp\/v2\/categories?post=6381"},{"taxonomy":"post_tag","embeddable":true,"href":"https:\/\/lo6.szczecin.pl\/index.php\/wp-json\/wp\/v2\/tags?post=6381"}],"curies":[{"name":"wp","href":"https:\/\/api.w.org\/{rel}","templated":true}]}}