{"id":6346,"date":"2018-02-26T08:28:50","date_gmt":"2018-02-26T07:28:50","guid":{"rendered":"http:\/\/lo6.szczecin.pl\/?p=6346"},"modified":"2018-02-26T08:29:12","modified_gmt":"2018-02-26T07:29:12","slug":"czym-jest-nowotwor","status":"publish","type":"post","link":"https:\/\/lo6.szczecin.pl\/index.php\/2018\/02\/26\/czym-jest-nowotwor\/","title":{"rendered":"Czym jest nowotw\u00f3r?"},"content":{"rendered":"<p>W dniu wczorajszym tj. 21 lutego uczniowie klas I i II o profilu medycznym wzi\u0119li udzia\u0142 w wyk\u0142adzie zorganizowanym specjalnie dla naszej szko\u0142y w ramach wsp\u00f3\u0142pracy z Zachodniopomorskim Uniwersytetem Technologicznym g\u0142oszonym przez dr in\u017c. Adama Lepczy\u0144skiego, \u00a0pracownika naukowego w ZUT na Katedrze Fizjologii, Cytobiologii i Proteomiki pt. &#8220;Czym jest nowotw\u00f3r?&#8221;\u00a0 Z racji faktu, \u017ce jest to temat \u015bci\u015ble zwi\u0105zany z profilem klas m\u0142odzie\u017c mia\u0142a mo\u017cliwo\u015b\u0107 zapozna\u0107 si\u0119 z przyczynami, mechanizmem powstawania i zapobieganiem chor\u00f3b nowotworowych.<\/p>\n","protected":false},"excerpt":{"rendered":"<p>W dniu wczorajszym tj. 21 lutego uczniowie klas I i II o profilu medycznym wzi\u0119li udzia\u0142 w wyk\u0142adzie zorganizowanym specjalnie dla naszej szko\u0142y w ramach wsp\u00f3\u0142pracy z Zachodniopomorskim Uniwersytetem Technologicznym g\u0142oszonym przez dr in\u017c. Adama Lepczy\u0144skiego, \u00a0pracownika naukowego w ZUT na Katedrze Fizjologii, Cytobiologii i Proteomiki pt. &#8220;Czym jest nowotw\u00f3r?&#8221;\u00a0 Z racji faktu, \u017ce jest&#8230;<\/p>\n","protected":false},"author":3,"featured_media":6349,"comment_status":"open","ping_status":"open","sticky":false,"template":"","format":"gallery","meta":{"_acf_changed":false,"_s2mail":"yes","footnotes":""},"categories":[360,358,359,365],"tags":[],"class_list":["post-6346","post","type-post","status-publish","format-gallery","has-post-thumbnail","hentry","category-dla-kandydatow","category-dla-rodzicow","category-dla-uczniow","category-galeria","post_format-post-format-gallery"],"acf":[],"_links":{"self":[{"href":"https:\/\/lo6.szczecin.pl\/index.php\/wp-json\/wp\/v2\/posts\/6346","targetHints":{"allow":["GET"]}}],"collection":[{"href":"https:\/\/lo6.szczecin.pl\/index.php\/wp-json\/wp\/v2\/posts"}],"about":[{"href":"https:\/\/lo6.szczecin.pl\/index.php\/wp-json\/wp\/v2\/types\/post"}],"author":[{"embeddable":true,"href":"https:\/\/lo6.szczecin.pl\/index.php\/wp-json\/wp\/v2\/users\/3"}],"replies":[{"embeddable":true,"href":"https:\/\/lo6.szczecin.pl\/index.php\/wp-json\/wp\/v2\/comments?post=6346"}],"version-history":[{"count":2,"href":"https:\/\/lo6.szczecin.pl\/index.php\/wp-json\/wp\/v2\/posts\/6346\/revisions"}],"predecessor-version":[{"id":6351,"href":"https:\/\/lo6.szczecin.pl\/index.php\/wp-json\/wp\/v2\/posts\/6346\/revisions\/6351"}],"wp:featuredmedia":[{"embeddable":true,"href":"https:\/\/lo6.szczecin.pl\/index.php\/wp-json\/wp\/v2\/media\/6349"}],"wp:attachment":[{"href":"https:\/\/lo6.szczecin.pl\/index.php\/wp-json\/wp\/v2\/media?parent=6346"}],"wp:term":[{"taxonomy":"category","embeddable":true,"href":"https:\/\/lo6.szczecin.pl\/index.php\/wp-json\/wp\/v2\/categories?post=6346"},{"taxonomy":"post_tag","embeddable":true,"href":"https:\/\/lo6.szczecin.pl\/index.php\/wp-json\/wp\/v2\/tags?post=6346"}],"curies":[{"name":"wp","href":"https:\/\/api.w.org\/{rel}","templated":true}]}}