{"id":6315,"date":"2018-02-08T11:10:24","date_gmt":"2018-02-08T10:10:24","guid":{"rendered":"http:\/\/lo6.szczecin.pl\/?p=6315"},"modified":"2018-02-08T11:12:41","modified_gmt":"2018-02-08T10:12:41","slug":"tlusty-czwartek-w-vi-lo","status":"publish","type":"post","link":"https:\/\/lo6.szczecin.pl\/index.php\/2018\/02\/08\/tlusty-czwartek-w-vi-lo\/","title":{"rendered":"T\u0142usty Czwartek w VI LO"},"content":{"rendered":"<p><span class=\"st\"><em>T\u0142usty czwartek<\/em> bez p\u0105czk\u00f3w?\u00a0 Trudno to sobie wyobrazi\u0107. Amatorzy tych s\u0142odko\u015bci twierdz\u0105, \u017ce nie spr\u00f3bowanie tego dnia p\u0105czka przynosi pecha. W VI LO tradycji sta\u0142o si\u0119 zado\u015b\u0107.\u00a0Zatem dzi\u015b zapominamy o diecie, nie liczymy kalorii\u00a0 i dzi\u0119ki niespodziance Rady Rodzic\u00f3w od rana delektujemy si\u0119 p\u0105czkami.<\/span><\/p>\n","protected":false},"excerpt":{"rendered":"<p>T\u0142usty czwartek bez p\u0105czk\u00f3w?\u00a0 Trudno to sobie wyobrazi\u0107. Amatorzy tych s\u0142odko\u015bci twierdz\u0105, \u017ce nie spr\u00f3bowanie tego dnia p\u0105czka przynosi pecha. W VI LO tradycji sta\u0142o si\u0119 zado\u015b\u0107.\u00a0Zatem dzi\u015b zapominamy o diecie, nie liczymy kalorii\u00a0 i dzi\u0119ki niespodziance Rady Rodzic\u00f3w od rana delektujemy si\u0119 p\u0105czkami.<\/p>\n","protected":false},"author":3,"featured_media":6316,"comment_status":"open","ping_status":"open","sticky":false,"template":"","format":"gallery","meta":{"_acf_changed":false,"_s2mail":"yes","footnotes":""},"categories":[360,358,359,365],"tags":[],"class_list":["post-6315","post","type-post","status-publish","format-gallery","has-post-thumbnail","hentry","category-dla-kandydatow","category-dla-rodzicow","category-dla-uczniow","category-galeria","post_format-post-format-gallery"],"acf":[],"_links":{"self":[{"href":"https:\/\/lo6.szczecin.pl\/index.php\/wp-json\/wp\/v2\/posts\/6315","targetHints":{"allow":["GET"]}}],"collection":[{"href":"https:\/\/lo6.szczecin.pl\/index.php\/wp-json\/wp\/v2\/posts"}],"about":[{"href":"https:\/\/lo6.szczecin.pl\/index.php\/wp-json\/wp\/v2\/types\/post"}],"author":[{"embeddable":true,"href":"https:\/\/lo6.szczecin.pl\/index.php\/wp-json\/wp\/v2\/users\/3"}],"replies":[{"embeddable":true,"href":"https:\/\/lo6.szczecin.pl\/index.php\/wp-json\/wp\/v2\/comments?post=6315"}],"version-history":[{"count":1,"href":"https:\/\/lo6.szczecin.pl\/index.php\/wp-json\/wp\/v2\/posts\/6315\/revisions"}],"predecessor-version":[{"id":6323,"href":"https:\/\/lo6.szczecin.pl\/index.php\/wp-json\/wp\/v2\/posts\/6315\/revisions\/6323"}],"wp:featuredmedia":[{"embeddable":true,"href":"https:\/\/lo6.szczecin.pl\/index.php\/wp-json\/wp\/v2\/media\/6316"}],"wp:attachment":[{"href":"https:\/\/lo6.szczecin.pl\/index.php\/wp-json\/wp\/v2\/media?parent=6315"}],"wp:term":[{"taxonomy":"category","embeddable":true,"href":"https:\/\/lo6.szczecin.pl\/index.php\/wp-json\/wp\/v2\/categories?post=6315"},{"taxonomy":"post_tag","embeddable":true,"href":"https:\/\/lo6.szczecin.pl\/index.php\/wp-json\/wp\/v2\/tags?post=6315"}],"curies":[{"name":"wp","href":"https:\/\/api.w.org\/{rel}","templated":true}]}}