{"id":6306,"date":"2018-01-30T10:29:38","date_gmt":"2018-01-30T09:29:38","guid":{"rendered":"http:\/\/lo6.szczecin.pl\/?p=6306"},"modified":"2018-01-30T10:29:38","modified_gmt":"2018-01-30T09:29:38","slug":"zebrania-z-rodzicami-5","status":"publish","type":"post","link":"https:\/\/lo6.szczecin.pl\/index.php\/2018\/01\/30\/zebrania-z-rodzicami-5\/","title":{"rendered":"Zebrania z Rodzicami"},"content":{"rendered":"<p><span class=\"_4n-j _3cht fsl\" data-testid=\"event-permalink-details\">Dnia 1 lutego 2018 r. odb\u0119d\u0105 si\u0119 zebrania z Rodzicami uczni\u00f3w klas pierwszych, drugich i trzecich:<\/p>\n<p>godz. 16.00 &#8211; 17.00 ? zebranie Rady Rodzic\u00f3w<br \/>\ngodz. 17.00 &#8211; 18.00 ? spotkania z wychowawcami klas:<br \/>\npodsumowanie pracy w I semestrze br. szk.<br \/>\ndo godz. 19:00 ? indywidualne spotkania z nauczycielami w gabinetach przedmiotowych.<\/p>\n<p>Informujemy, \u017ce w czasie zebra\u0144 z Rodzicami przyjmowane b\u0119d\u0105 w klasach got\u00f3wkowe wp\u0142aty na Rad\u0119 Rodzic\u00f3w.<\/span><\/p>\n","protected":false},"excerpt":{"rendered":"<p>Dnia 1 lutego 2018 r. odb\u0119d\u0105 si\u0119 zebrania z Rodzicami uczni\u00f3w klas pierwszych, drugich i trzecich: godz. 16.00 &#8211; 17.00 ? zebranie Rady Rodzic\u00f3w godz. 17.00 &#8211; 18.00 ? spotkania z wychowawcami klas: podsumowanie pracy w I semestrze br. szk. do godz. 19:00 ? indywidualne spotkania z nauczycielami w gabinetach przedmiotowych. Informujemy, \u017ce w czasie&#8230;<\/p>\n","protected":false},"author":3,"featured_media":0,"comment_status":"open","ping_status":"open","sticky":false,"template":"","format":"standard","meta":{"_acf_changed":false,"_s2mail":"yes","footnotes":""},"categories":[1],"tags":[],"class_list":["post-6306","post","type-post","status-publish","format-standard","hentry","category-bez-kategorii"],"acf":[],"_links":{"self":[{"href":"https:\/\/lo6.szczecin.pl\/index.php\/wp-json\/wp\/v2\/posts\/6306","targetHints":{"allow":["GET"]}}],"collection":[{"href":"https:\/\/lo6.szczecin.pl\/index.php\/wp-json\/wp\/v2\/posts"}],"about":[{"href":"https:\/\/lo6.szczecin.pl\/index.php\/wp-json\/wp\/v2\/types\/post"}],"author":[{"embeddable":true,"href":"https:\/\/lo6.szczecin.pl\/index.php\/wp-json\/wp\/v2\/users\/3"}],"replies":[{"embeddable":true,"href":"https:\/\/lo6.szczecin.pl\/index.php\/wp-json\/wp\/v2\/comments?post=6306"}],"version-history":[{"count":1,"href":"https:\/\/lo6.szczecin.pl\/index.php\/wp-json\/wp\/v2\/posts\/6306\/revisions"}],"predecessor-version":[{"id":6308,"href":"https:\/\/lo6.szczecin.pl\/index.php\/wp-json\/wp\/v2\/posts\/6306\/revisions\/6308"}],"wp:attachment":[{"href":"https:\/\/lo6.szczecin.pl\/index.php\/wp-json\/wp\/v2\/media?parent=6306"}],"wp:term":[{"taxonomy":"category","embeddable":true,"href":"https:\/\/lo6.szczecin.pl\/index.php\/wp-json\/wp\/v2\/categories?post=6306"},{"taxonomy":"post_tag","embeddable":true,"href":"https:\/\/lo6.szczecin.pl\/index.php\/wp-json\/wp\/v2\/tags?post=6306"}],"curies":[{"name":"wp","href":"https:\/\/api.w.org\/{rel}","templated":true}]}}