{"id":6255,"date":"2018-01-12T08:03:46","date_gmt":"2018-01-12T07:03:46","guid":{"rendered":"http:\/\/lo6.szczecin.pl\/?p=6255"},"modified":"2018-01-12T08:03:46","modified_gmt":"2018-01-12T07:03:46","slug":"xvii-szkolny-konkurs-recytatorski","status":"publish","type":"post","link":"https:\/\/lo6.szczecin.pl\/index.php\/2018\/01\/12\/xvii-szkolny-konkurs-recytatorski\/","title":{"rendered":"XVII szkolny konkurs recytatorski"},"content":{"rendered":"<p>11 stycznia br. w karnawa\u0142owej scenerii w naszej szkolnej czytelni odby\u0142 si\u0119 XVII szkolny konkurs recytatorski, w kt\u00f3rym wzi\u0119\u0142o udzia\u0142 12 uczestnik\u00f3w z r\u00f3\u017cnych klas.<br \/>\nJury w sk\u0142adzie pani A. Kurtycz, pan A. Hrycyk i ubieg\u0142oroczna laureatka Katarzyna Turska z klasy III b2 ocenia\u0142o dob\u00f3r repertuaru, spos\u00f3b interpretacji oraz opanowanie pami\u0119ciowe tekstu. Tegorocznymi zwyci\u0119zcami s\u0105: Robert Ba\u0142achowski z IIIa i Maria \u015aliwi\u0144ska z IIIc.<br \/>\nII miejsce przyznano Kindze Kruszewskiej z Ib2. III miejsce zaj\u0119\u0142a Ida Kasznia z IIIa. Tegorocznym laureatem plebiscytu publiczno\u015bci zosta\u0142 Robert Ba\u0142achowski, kt\u00f3ry uj\u0105\u0142 publiczno\u015b\u0107 prezentacj\u0105 prozy W. My\u015bliwskiego.<br \/>\nLaureaci tegorocznego konkursu b\u0119d\u0105 reprezentowa\u0107 nasz\u0105 szko\u0142\u0119 na tegorocznym wojew\u00f3dzkim konkursie recytatorskim.<\/p>\n","protected":false},"excerpt":{"rendered":"<p>11 stycznia br. w karnawa\u0142owej scenerii w naszej szkolnej czytelni odby\u0142 si\u0119 XVII szkolny konkurs recytatorski, w kt\u00f3rym wzi\u0119\u0142o udzia\u0142 12 uczestnik\u00f3w z r\u00f3\u017cnych klas. Jury w sk\u0142adzie pani A. Kurtycz, pan A. Hrycyk i ubieg\u0142oroczna laureatka Katarzyna Turska z klasy III b2 ocenia\u0142o dob\u00f3r repertuaru, spos\u00f3b interpretacji oraz opanowanie pami\u0119ciowe tekstu. Tegorocznymi zwyci\u0119zcami s\u0105:&#8230;<\/p>\n","protected":false},"author":3,"featured_media":6258,"comment_status":"open","ping_status":"open","sticky":false,"template":"","format":"gallery","meta":{"_acf_changed":false,"_s2mail":"yes","footnotes":""},"categories":[360,358,359,365],"tags":[],"class_list":["post-6255","post","type-post","status-publish","format-gallery","has-post-thumbnail","hentry","category-dla-kandydatow","category-dla-rodzicow","category-dla-uczniow","category-galeria","post_format-post-format-gallery"],"acf":[],"_links":{"self":[{"href":"https:\/\/lo6.szczecin.pl\/index.php\/wp-json\/wp\/v2\/posts\/6255","targetHints":{"allow":["GET"]}}],"collection":[{"href":"https:\/\/lo6.szczecin.pl\/index.php\/wp-json\/wp\/v2\/posts"}],"about":[{"href":"https:\/\/lo6.szczecin.pl\/index.php\/wp-json\/wp\/v2\/types\/post"}],"author":[{"embeddable":true,"href":"https:\/\/lo6.szczecin.pl\/index.php\/wp-json\/wp\/v2\/users\/3"}],"replies":[{"embeddable":true,"href":"https:\/\/lo6.szczecin.pl\/index.php\/wp-json\/wp\/v2\/comments?post=6255"}],"version-history":[{"count":1,"href":"https:\/\/lo6.szczecin.pl\/index.php\/wp-json\/wp\/v2\/posts\/6255\/revisions"}],"predecessor-version":[{"id":6263,"href":"https:\/\/lo6.szczecin.pl\/index.php\/wp-json\/wp\/v2\/posts\/6255\/revisions\/6263"}],"wp:featuredmedia":[{"embeddable":true,"href":"https:\/\/lo6.szczecin.pl\/index.php\/wp-json\/wp\/v2\/media\/6258"}],"wp:attachment":[{"href":"https:\/\/lo6.szczecin.pl\/index.php\/wp-json\/wp\/v2\/media?parent=6255"}],"wp:term":[{"taxonomy":"category","embeddable":true,"href":"https:\/\/lo6.szczecin.pl\/index.php\/wp-json\/wp\/v2\/categories?post=6255"},{"taxonomy":"post_tag","embeddable":true,"href":"https:\/\/lo6.szczecin.pl\/index.php\/wp-json\/wp\/v2\/tags?post=6255"}],"curies":[{"name":"wp","href":"https:\/\/api.w.org\/{rel}","templated":true}]}}