{"id":6165,"date":"2017-11-20T09:40:42","date_gmt":"2017-11-20T08:40:42","guid":{"rendered":"http:\/\/lo6.szczecin.pl\/?p=6165"},"modified":"2017-11-28T09:46:49","modified_gmt":"2017-11-28T08:46:49","slug":"probna-matura-z-operonem","status":"publish","type":"post","link":"https:\/\/lo6.szczecin.pl\/index.php\/2017\/11\/20\/probna-matura-z-operonem\/","title":{"rendered":"PR\u00d3BNA MATURA Z OPERONEM"},"content":{"rendered":"<table style=\"width: 737px;\">\n<tbody>\n<tr>\n<td style=\"width: 88.95px;\">21.11.2017<br \/>\n(wtorek)<\/td>\n<td style=\"width: 630.05px;\">J\u0118ZYK POLSKI &#8211; POZIOM PODSTAWOWY I POZIOM ROZSZERZONY<\/td>\n<\/tr>\n<tr>\n<td style=\"width: 88.95px;\">22.11.2017<br \/>\n(\u015broda)<\/td>\n<td style=\"width: 630.05px;\">MATEMATYKA &#8211; POZIOM PODSTAWOWY I POZIOM ROZSZERZONY<\/td>\n<\/tr>\n<tr>\n<td style=\"width: 88.95px;\">23.11.2017<br \/>\n(czwartek)<\/td>\n<td style=\"width: 630.05px;\">J\u0118ZYK OBCY &#8211; POZIOM PODSTAWOWY I POZIOM ROZSZERZONY<\/td>\n<\/tr>\n<tr>\n<td style=\"width: 88.95px;\">24.11.2017<br \/>\n(pi\u0105tek)<\/td>\n<td style=\"width: 630.05px;\">PRZEDMIOTY DODATKOWE &#8211; POZIOM ROZSZERZONY<\/td>\n<\/tr>\n<\/tbody>\n<\/table>\n<p>Szczeg\u00f3\u0142owy harmonogram dost\u0119pny w szkole.<\/p>\n","protected":false},"excerpt":{"rendered":"<p>21.11.2017 (wtorek) J\u0118ZYK POLSKI &#8211; POZIOM PODSTAWOWY I POZIOM ROZSZERZONY 22.11.2017 (\u015broda) MATEMATYKA &#8211; POZIOM PODSTAWOWY I POZIOM ROZSZERZONY 23.11.2017 (czwartek) J\u0118ZYK OBCY &#8211; POZIOM PODSTAWOWY I POZIOM ROZSZERZONY 24.11.2017 (pi\u0105tek) PRZEDMIOTY DODATKOWE &#8211; POZIOM ROZSZERZONY Szczeg\u00f3\u0142owy harmonogram dost\u0119pny w szkole.<\/p>\n","protected":false},"author":3,"featured_media":6166,"comment_status":"open","ping_status":"open","sticky":false,"template":"","format":"gallery","meta":{"_acf_changed":false,"_s2mail":"yes","footnotes":""},"categories":[360,358,359,365],"tags":[],"class_list":["post-6165","post","type-post","status-publish","format-gallery","has-post-thumbnail","hentry","category-dla-kandydatow","category-dla-rodzicow","category-dla-uczniow","category-galeria","post_format-post-format-gallery"],"acf":[],"_links":{"self":[{"href":"https:\/\/lo6.szczecin.pl\/index.php\/wp-json\/wp\/v2\/posts\/6165","targetHints":{"allow":["GET"]}}],"collection":[{"href":"https:\/\/lo6.szczecin.pl\/index.php\/wp-json\/wp\/v2\/posts"}],"about":[{"href":"https:\/\/lo6.szczecin.pl\/index.php\/wp-json\/wp\/v2\/types\/post"}],"author":[{"embeddable":true,"href":"https:\/\/lo6.szczecin.pl\/index.php\/wp-json\/wp\/v2\/users\/3"}],"replies":[{"embeddable":true,"href":"https:\/\/lo6.szczecin.pl\/index.php\/wp-json\/wp\/v2\/comments?post=6165"}],"version-history":[{"count":4,"href":"https:\/\/lo6.szczecin.pl\/index.php\/wp-json\/wp\/v2\/posts\/6165\/revisions"}],"predecessor-version":[{"id":6170,"href":"https:\/\/lo6.szczecin.pl\/index.php\/wp-json\/wp\/v2\/posts\/6165\/revisions\/6170"}],"wp:featuredmedia":[{"embeddable":true,"href":"https:\/\/lo6.szczecin.pl\/index.php\/wp-json\/wp\/v2\/media\/6166"}],"wp:attachment":[{"href":"https:\/\/lo6.szczecin.pl\/index.php\/wp-json\/wp\/v2\/media?parent=6165"}],"wp:term":[{"taxonomy":"category","embeddable":true,"href":"https:\/\/lo6.szczecin.pl\/index.php\/wp-json\/wp\/v2\/categories?post=6165"},{"taxonomy":"post_tag","embeddable":true,"href":"https:\/\/lo6.szczecin.pl\/index.php\/wp-json\/wp\/v2\/tags?post=6165"}],"curies":[{"name":"wp","href":"https:\/\/api.w.org\/{rel}","templated":true}]}}