{"id":6148,"date":"2017-11-20T08:45:34","date_gmt":"2017-11-20T07:45:34","guid":{"rendered":"http:\/\/lo6.szczecin.pl\/?p=6148"},"modified":"2017-11-28T09:44:32","modified_gmt":"2017-11-28T08:44:32","slug":"mistrzostwa-szczecina-w-wioslarstwie-halowym","status":"publish","type":"post","link":"https:\/\/lo6.szczecin.pl\/index.php\/2017\/11\/20\/mistrzostwa-szczecina-w-wioslarstwie-halowym\/","title":{"rendered":"Mistrzostwa Szczecina w wio\u015blarstwie halowym"},"content":{"rendered":"<p>W sobot\u0119, 18.11. 2017 w Centrum Handlowym &#8220;Kaskada&#8221; odby\u0142y si\u0119 Mistrzostwa Szczecina w wio\u015blarstwie halowym.<br \/>\nW zawodach wystartowa\u0142a reprezentacja naszej szko\u0142y.<br \/>\nJulia B\u0142ach z klasy 2b1 zdoby\u0142a br\u0105zowy medal w kategorii dziewcz\u0105t szk\u00f3\u0142 \u015brednich.<br \/>\nW zawodach startowali tak\u017ce:<br \/>\nJoanna J\u00f3zkowska 3b1 &#8211; 4 miejsce <span class=\"text_exposed_show\"><br \/>\nRemigiusz Stramowski 2b2 &#8211; 4 miejsce<br \/>\nDorian Podolski 1b1 &#8211; 5 miejsce <\/span><\/p>\n<div class=\"text_exposed_show\">\n<p>Gratulujemy!<\/p>\n<\/div>\n","protected":false},"excerpt":{"rendered":"<p>W sobot\u0119, 18.11. 2017 w Centrum Handlowym &#8220;Kaskada&#8221; odby\u0142y si\u0119 Mistrzostwa Szczecina w wio\u015blarstwie halowym. W zawodach wystartowa\u0142a reprezentacja naszej szko\u0142y. Julia B\u0142ach z klasy 2b1 zdoby\u0142a br\u0105zowy medal w kategorii dziewcz\u0105t szk\u00f3\u0142 \u015brednich. W zawodach startowali tak\u017ce: Joanna J\u00f3zkowska 3b1 &#8211; 4 miejsce Remigiusz Stramowski 2b2 &#8211; 4 miejsce Dorian Podolski 1b1 &#8211; 5&#8230;<\/p>\n","protected":false},"author":3,"featured_media":6149,"comment_status":"open","ping_status":"open","sticky":false,"template":"","format":"gallery","meta":{"_acf_changed":false,"_s2mail":"yes","footnotes":""},"categories":[360,358,359,365],"tags":[],"class_list":["post-6148","post","type-post","status-publish","format-gallery","has-post-thumbnail","hentry","category-dla-kandydatow","category-dla-rodzicow","category-dla-uczniow","category-galeria","post_format-post-format-gallery"],"acf":[],"_links":{"self":[{"href":"https:\/\/lo6.szczecin.pl\/index.php\/wp-json\/wp\/v2\/posts\/6148","targetHints":{"allow":["GET"]}}],"collection":[{"href":"https:\/\/lo6.szczecin.pl\/index.php\/wp-json\/wp\/v2\/posts"}],"about":[{"href":"https:\/\/lo6.szczecin.pl\/index.php\/wp-json\/wp\/v2\/types\/post"}],"author":[{"embeddable":true,"href":"https:\/\/lo6.szczecin.pl\/index.php\/wp-json\/wp\/v2\/users\/3"}],"replies":[{"embeddable":true,"href":"https:\/\/lo6.szczecin.pl\/index.php\/wp-json\/wp\/v2\/comments?post=6148"}],"version-history":[{"count":1,"href":"https:\/\/lo6.szczecin.pl\/index.php\/wp-json\/wp\/v2\/posts\/6148\/revisions"}],"predecessor-version":[{"id":6150,"href":"https:\/\/lo6.szczecin.pl\/index.php\/wp-json\/wp\/v2\/posts\/6148\/revisions\/6150"}],"wp:featuredmedia":[{"embeddable":true,"href":"https:\/\/lo6.szczecin.pl\/index.php\/wp-json\/wp\/v2\/media\/6149"}],"wp:attachment":[{"href":"https:\/\/lo6.szczecin.pl\/index.php\/wp-json\/wp\/v2\/media?parent=6148"}],"wp:term":[{"taxonomy":"category","embeddable":true,"href":"https:\/\/lo6.szczecin.pl\/index.php\/wp-json\/wp\/v2\/categories?post=6148"},{"taxonomy":"post_tag","embeddable":true,"href":"https:\/\/lo6.szczecin.pl\/index.php\/wp-json\/wp\/v2\/tags?post=6148"}],"curies":[{"name":"wp","href":"https:\/\/api.w.org\/{rel}","templated":true}]}}