{"id":6137,"date":"2017-11-12T09:52:40","date_gmt":"2017-11-12T08:52:40","guid":{"rendered":"http:\/\/lo6.szczecin.pl\/?p=6137"},"modified":"2017-11-16T10:01:56","modified_gmt":"2017-11-16T09:01:56","slug":"debaty-o-niepodleglosci","status":"publish","type":"post","link":"https:\/\/lo6.szczecin.pl\/index.php\/2017\/11\/12\/debaty-o-niepodleglosci\/","title":{"rendered":"Debaty o Niepodleg\u0142o\u015bci"},"content":{"rendered":"<p>Dnia 10 listopada 2017 roku dwie dru\u017cyny reprezentuj\u0105ce VI LO star\u0142y si\u0119 z zespo\u0142ami Szk\u00f3\u0142 Elektryczno-Elektronicznych w Szczecinie w turnieju debat oksfordzkich. Turniej zosta\u0142 zorganizowany przez ZSEE z okazji \u015awi\u0119ta Niepodleg\u0142o\u015bci, w zwi\u0105zku z czym debatowano nad tezami dotycz\u0105cymi wydarze\u0144 oraz os\u00f3b, dzi\u0119ki kt\u00f3rym nasz kraj pojawi\u0142 si\u0119 ponownie na mapie Europy. W ten spos\u00f3b obie szko\u0142y uczci\u0142y pami\u0119\u0107 ofiar i wielkich bohater\u00f3w I wojny \u015bwiatowej.<br \/>\nNad tez\u0105 ?Czyn zbrojny by\u0142 koniecznym warunkiem odzyskania przez Polsk\u0119 niepodleg\u0142o\u015bci w 1918 r.? dyskutowa\u0142 zesp\u00f3\u0142 w sk\u0142adzie: Nikola Kamieniarz, Marcel Szymborski, Joanna Zinko oraz Ida Kasznia (wszyscy 3 A). Natomiast kolejny ? z Ol\u0105 Kopczy\u0144sk\u0105 (1A), Izabel\u0105 Mazur (1A), Micha\u0142em Lachowiczem (1C) oraz Magdalen\u0105 Kogut (2A) rozwa\u017ca\u0142, czy J\u00f3zef Pi\u0142sudski odegra\u0142 w tym procesie najwa\u017cniejsz\u0105 rol\u0119.<br \/>\nObie dru\u017cyny, kt\u00f3re przygotowa\u0142 do turnieju nauczyciel historii Dariusz Oko\u0144 wr\u00f3ci\u0142y do szko\u0142y z tarcz\u0105! Gratulujemy dobrych przem\u00f3wie\u0144 debatantom z obu szk\u00f3\u0142 i \u017cyczymy powodzenia w kolejnych turniejach.<\/p>\n<p>Karolina Pomykaj (klasa 3 A)<\/p>\n","protected":false},"excerpt":{"rendered":"<p>Dnia 10 listopada 2017 roku dwie dru\u017cyny reprezentuj\u0105ce VI LO star\u0142y si\u0119 z zespo\u0142ami Szk\u00f3\u0142 Elektryczno-Elektronicznych w Szczecinie w turnieju debat oksfordzkich. Turniej zosta\u0142 zorganizowany przez ZSEE z okazji \u015awi\u0119ta Niepodleg\u0142o\u015bci, w zwi\u0105zku z czym debatowano nad tezami dotycz\u0105cymi wydarze\u0144 oraz os\u00f3b, dzi\u0119ki kt\u00f3rym nasz kraj pojawi\u0142 si\u0119 ponownie na mapie Europy. W ten spos\u00f3b&#8230;<\/p>\n","protected":false},"author":3,"featured_media":6144,"comment_status":"open","ping_status":"open","sticky":false,"template":"","format":"gallery","meta":{"_acf_changed":false,"_s2mail":"yes","footnotes":""},"categories":[360,358,359,365],"tags":[],"class_list":["post-6137","post","type-post","status-publish","format-gallery","has-post-thumbnail","hentry","category-dla-kandydatow","category-dla-rodzicow","category-dla-uczniow","category-galeria","post_format-post-format-gallery"],"acf":[],"_links":{"self":[{"href":"https:\/\/lo6.szczecin.pl\/index.php\/wp-json\/wp\/v2\/posts\/6137","targetHints":{"allow":["GET"]}}],"collection":[{"href":"https:\/\/lo6.szczecin.pl\/index.php\/wp-json\/wp\/v2\/posts"}],"about":[{"href":"https:\/\/lo6.szczecin.pl\/index.php\/wp-json\/wp\/v2\/types\/post"}],"author":[{"embeddable":true,"href":"https:\/\/lo6.szczecin.pl\/index.php\/wp-json\/wp\/v2\/users\/3"}],"replies":[{"embeddable":true,"href":"https:\/\/lo6.szczecin.pl\/index.php\/wp-json\/wp\/v2\/comments?post=6137"}],"version-history":[{"count":1,"href":"https:\/\/lo6.szczecin.pl\/index.php\/wp-json\/wp\/v2\/posts\/6137\/revisions"}],"predecessor-version":[{"id":6146,"href":"https:\/\/lo6.szczecin.pl\/index.php\/wp-json\/wp\/v2\/posts\/6137\/revisions\/6146"}],"wp:featuredmedia":[{"embeddable":true,"href":"https:\/\/lo6.szczecin.pl\/index.php\/wp-json\/wp\/v2\/media\/6144"}],"wp:attachment":[{"href":"https:\/\/lo6.szczecin.pl\/index.php\/wp-json\/wp\/v2\/media?parent=6137"}],"wp:term":[{"taxonomy":"category","embeddable":true,"href":"https:\/\/lo6.szczecin.pl\/index.php\/wp-json\/wp\/v2\/categories?post=6137"},{"taxonomy":"post_tag","embeddable":true,"href":"https:\/\/lo6.szczecin.pl\/index.php\/wp-json\/wp\/v2\/tags?post=6137"}],"curies":[{"name":"wp","href":"https:\/\/api.w.org\/{rel}","templated":true}]}}