{"id":6112,"date":"2017-11-14T10:57:16","date_gmt":"2017-11-14T09:57:16","guid":{"rendered":"http:\/\/lo6.szczecin.pl\/?p=6112"},"modified":"2017-11-14T12:59:46","modified_gmt":"2017-11-14T11:59:46","slug":"narodowe-swieto-niepodleglosci","status":"publish","type":"post","link":"https:\/\/lo6.szczecin.pl\/index.php\/2017\/11\/14\/narodowe-swieto-niepodleglosci\/","title":{"rendered":"Narodowe \u015awi\u0119to Niepodleg\u0142o\u015bci"},"content":{"rendered":"<p>13 listopada 2017 r. wszyscy uczniowie naszej szko\u0142y uczestniczyli w obchodach \u015awi\u0119ta Niepodleg\u0142o\u015bci, przygotowanych przez klas\u0119 3a pod opiek\u0105 p. Dariusza Okonia.<\/p>\n<p>Tematem przewodnim by\u0142y &#8220;<u>Drogi Polak\u00f3w do niepodleg\u0142o\u015bci w czasie I wojny \u015bwiatowej w latach 1914 ? 1918&#8243;,<\/u> przybli\u017caj\u0105ce znaczenia wydarze\u0144 I wojny \u015bwiatowej w przywr\u00f3ceniu niepodleg\u0142ego bytu Rzeczypospolitej. G\u0142\u00f3wnym prelegentem uroczysto\u015bci by\u0142 zaproszony przez uczni\u00f3w klasy 3a nauczyciel historii p. Rafa\u0142 Zommer, kt\u00f3ry w swoim wyst\u0105pieniu przybli\u017cy\u0142 uczniom problem z to\u017csamo\u015bci\u0105 na tzw. &#8220;Ziemiach odzyskanych&#8221; i oddzia\u0142ywania I wojny \u015bwiatowej na nasze rodziny. Podczas spotkania zosta\u0142a zaprezentowana bro\u0144 i uzbrojenie powoduj\u0105ce najwi\u0119ksze straty w ludziach i realia tzw. wojny pozycyjnej oraz umundurowanie i ekwipunek \u017co\u0142nierzy Legion\u00f3w Polskich (piechura i kawalerzysty) w wykonaniu statyst\u00f3w.<\/p>\n<p>&nbsp;<\/p>\n<p><strong>\u00a0<\/strong><\/p>\n","protected":false},"excerpt":{"rendered":"<p>13 listopada 2017 r. wszyscy uczniowie naszej szko\u0142y uczestniczyli w obchodach \u015awi\u0119ta Niepodleg\u0142o\u015bci, przygotowanych przez klas\u0119 3a pod opiek\u0105 p. Dariusza Okonia. Tematem przewodnim by\u0142y &#8220;Drogi Polak\u00f3w do niepodleg\u0142o\u015bci w czasie I wojny \u015bwiatowej w latach 1914 ? 1918&#8243;, przybli\u017caj\u0105ce znaczenia wydarze\u0144 I wojny \u015bwiatowej w przywr\u00f3ceniu niepodleg\u0142ego bytu Rzeczypospolitej. G\u0142\u00f3wnym prelegentem uroczysto\u015bci by\u0142 zaproszony&#8230;<\/p>\n","protected":false},"author":3,"featured_media":6118,"comment_status":"open","ping_status":"open","sticky":false,"template":"","format":"gallery","meta":{"_acf_changed":false,"_s2mail":"yes","footnotes":""},"categories":[360,358,359,365],"tags":[],"class_list":["post-6112","post","type-post","status-publish","format-gallery","has-post-thumbnail","hentry","category-dla-kandydatow","category-dla-rodzicow","category-dla-uczniow","category-galeria","post_format-post-format-gallery"],"acf":[],"_links":{"self":[{"href":"https:\/\/lo6.szczecin.pl\/index.php\/wp-json\/wp\/v2\/posts\/6112","targetHints":{"allow":["GET"]}}],"collection":[{"href":"https:\/\/lo6.szczecin.pl\/index.php\/wp-json\/wp\/v2\/posts"}],"about":[{"href":"https:\/\/lo6.szczecin.pl\/index.php\/wp-json\/wp\/v2\/types\/post"}],"author":[{"embeddable":true,"href":"https:\/\/lo6.szczecin.pl\/index.php\/wp-json\/wp\/v2\/users\/3"}],"replies":[{"embeddable":true,"href":"https:\/\/lo6.szczecin.pl\/index.php\/wp-json\/wp\/v2\/comments?post=6112"}],"version-history":[{"count":3,"href":"https:\/\/lo6.szczecin.pl\/index.php\/wp-json\/wp\/v2\/posts\/6112\/revisions"}],"predecessor-version":[{"id":6127,"href":"https:\/\/lo6.szczecin.pl\/index.php\/wp-json\/wp\/v2\/posts\/6112\/revisions\/6127"}],"wp:featuredmedia":[{"embeddable":true,"href":"https:\/\/lo6.szczecin.pl\/index.php\/wp-json\/wp\/v2\/media\/6118"}],"wp:attachment":[{"href":"https:\/\/lo6.szczecin.pl\/index.php\/wp-json\/wp\/v2\/media?parent=6112"}],"wp:term":[{"taxonomy":"category","embeddable":true,"href":"https:\/\/lo6.szczecin.pl\/index.php\/wp-json\/wp\/v2\/categories?post=6112"},{"taxonomy":"post_tag","embeddable":true,"href":"https:\/\/lo6.szczecin.pl\/index.php\/wp-json\/wp\/v2\/tags?post=6112"}],"curies":[{"name":"wp","href":"https:\/\/api.w.org\/{rel}","templated":true}]}}