{"id":6104,"date":"2017-11-10T12:59:28","date_gmt":"2017-11-10T11:59:28","guid":{"rendered":"http:\/\/lo6.szczecin.pl\/?p=6104"},"modified":"2017-11-14T11:06:25","modified_gmt":"2017-11-14T10:06:25","slug":"projekt-krokus","status":"publish","type":"post","link":"https:\/\/lo6.szczecin.pl\/index.php\/2017\/11\/10\/projekt-krokus\/","title":{"rendered":"PROJEKT  KROKUS"},"content":{"rendered":"<div class=\"\" data-block=\"true\" data-editor=\"8bsdf\" data-offset-key=\"9ihm-0-0\">\n<div class=\"_1mf _1mj\" data-offset-key=\"9ihm-0-0\">\n<p>Ju\u017c po raz trzeci uczestniczyli\u015bmy w mi\u0119dzynarodowym projekcie Krokus.<\/p>\n<p><span data-offset-key=\"9ihm-0-0\">Cebulki krokus\u00f3w sadzi si\u0119 jesieni\u0105. W r\u00f3\u017cnych krajach wiosna przychodzi o r\u00f3\u017cnych porach. Pora zakwitni\u0119cia kwiat\u00f3w nie jest tak bardzo istotna: najwa\u017cniejsze jest to, \u017ceby zasadzi\u0107 je dla upami\u0119tnienia dzieci , kt\u00f3re zamordowano w czasie Holokaustu, a kiedy pojawi\u0105 si\u0119 kwiaty, \u017ceby nam je przypomina\u0142y. Przypominaj\u0105 nam tak\u017ce o tym, jak wa\u017cne jest akceptowanie i poszanowanie ludzi r\u00f3\u017cnych kultur i narodowo\u015bci.<\/span><\/p>\n<\/div>\n<\/div>\n<div class=\"\" data-block=\"true\" data-editor=\"8bsdf\" data-offset-key=\"1nfc2-0-0\">\n<div class=\"_1mf _1mj\" data-offset-key=\"1nfc2-0-0\"><span data-offset-key=\"1nfc2-0-0\">W akcji bra\u0142a udzia\u0142 klasa IIb2<\/span><\/div>\n<\/div>\n","protected":false},"excerpt":{"rendered":"<p>Ju\u017c po raz trzeci uczestniczyli\u015bmy w mi\u0119dzynarodowym projekcie Krokus. Cebulki krokus\u00f3w sadzi si\u0119 jesieni\u0105. W r\u00f3\u017cnych krajach wiosna przychodzi o r\u00f3\u017cnych porach. Pora zakwitni\u0119cia kwiat\u00f3w nie jest tak bardzo istotna: najwa\u017cniejsze jest to, \u017ceby zasadzi\u0107 je dla upami\u0119tnienia dzieci , kt\u00f3re zamordowano w czasie Holokaustu, a kiedy pojawi\u0105 si\u0119 kwiaty, \u017ceby nam je przypomina\u0142y. Przypominaj\u0105&#8230;<\/p>\n","protected":false},"author":3,"featured_media":6105,"comment_status":"open","ping_status":"open","sticky":false,"template":"","format":"gallery","meta":{"_acf_changed":false,"_s2mail":"yes","footnotes":""},"categories":[360,358,359,365],"tags":[],"class_list":["post-6104","post","type-post","status-publish","format-gallery","has-post-thumbnail","hentry","category-dla-kandydatow","category-dla-rodzicow","category-dla-uczniow","category-galeria","post_format-post-format-gallery"],"acf":[],"_links":{"self":[{"href":"https:\/\/lo6.szczecin.pl\/index.php\/wp-json\/wp\/v2\/posts\/6104","targetHints":{"allow":["GET"]}}],"collection":[{"href":"https:\/\/lo6.szczecin.pl\/index.php\/wp-json\/wp\/v2\/posts"}],"about":[{"href":"https:\/\/lo6.szczecin.pl\/index.php\/wp-json\/wp\/v2\/types\/post"}],"author":[{"embeddable":true,"href":"https:\/\/lo6.szczecin.pl\/index.php\/wp-json\/wp\/v2\/users\/3"}],"replies":[{"embeddable":true,"href":"https:\/\/lo6.szczecin.pl\/index.php\/wp-json\/wp\/v2\/comments?post=6104"}],"version-history":[{"count":2,"href":"https:\/\/lo6.szczecin.pl\/index.php\/wp-json\/wp\/v2\/posts\/6104\/revisions"}],"predecessor-version":[{"id":6126,"href":"https:\/\/lo6.szczecin.pl\/index.php\/wp-json\/wp\/v2\/posts\/6104\/revisions\/6126"}],"wp:featuredmedia":[{"embeddable":true,"href":"https:\/\/lo6.szczecin.pl\/index.php\/wp-json\/wp\/v2\/media\/6105"}],"wp:attachment":[{"href":"https:\/\/lo6.szczecin.pl\/index.php\/wp-json\/wp\/v2\/media?parent=6104"}],"wp:term":[{"taxonomy":"category","embeddable":true,"href":"https:\/\/lo6.szczecin.pl\/index.php\/wp-json\/wp\/v2\/categories?post=6104"},{"taxonomy":"post_tag","embeddable":true,"href":"https:\/\/lo6.szczecin.pl\/index.php\/wp-json\/wp\/v2\/tags?post=6104"}],"curies":[{"name":"wp","href":"https:\/\/api.w.org\/{rel}","templated":true}]}}