{"id":12789,"date":"2025-04-30T13:41:38","date_gmt":"2025-04-30T11:41:38","guid":{"rendered":"https:\/\/lo6.szczecin.pl\/?p=12789"},"modified":"2025-04-30T13:41:38","modified_gmt":"2025-04-30T11:41:38","slug":"matura-2025","status":"publish","type":"post","link":"https:\/\/lo6.szczecin.pl\/index.php\/2025\/04\/30\/matura-2025\/","title":{"rendered":"Matura 2025"},"content":{"rendered":"<p style=\"padding-left: 40px;\">Drodzy Maturzy\u015bci,<\/p>\n<p>w czasie wszystkich egzamin\u00f3w dojrza\u0142o\u015bci oraz og\u0142aszania wynik\u00f3w obowi\u0105zuj\u0105 stroje galowe.<\/p>\n<p>Do szko\u0142y nale\u017cy przyj\u015b\u0107 na godzin\u0119 przed rozpocz\u0119ciem egzamin\u00f3w pisemnych, tj. o godz. 8.00 lub 13.00, a przed egzaminami ustnymi najp\u00f3\u017aniej na 15 minut przed planowan\u0105 godzin\u0105 wej\u015bcia.<\/p>\n<p>W przypadku choroby lub innej sytuacji losowej, najp\u00f3\u017aniej w dniu egzaminu nale\u017cy dostarczy\u0107 stosowne za\u015bwiadczenie \/ zwolnienie lekarskie oraz podpisany wniosek o przyst\u0105pienie do egzaminu maturalnego w terminie dodatkowym (za\u0142. nr 6 Informacji o sposobie organizacji i przeprowadzania egzaminu maturalnego &#8230; 2025)<\/p>\n<p>Z wyrazami szacunku<br \/>\ni \u017cyczeniami powodzenia na wszystkich egzaminach<\/p>\n<p>Bo\u017cena Ulchurska-Jackowska<\/p>\n","protected":false},"excerpt":{"rendered":"<p>Drodzy Maturzy\u015bci, w czasie wszystkich egzamin\u00f3w dojrza\u0142o\u015bci oraz og\u0142aszania wynik\u00f3w obowi\u0105zuj\u0105 stroje galowe. Do szko\u0142y nale\u017cy przyj\u015b\u0107 na godzin\u0119 przed rozpocz\u0119ciem egzamin\u00f3w pisemnych, tj. o godz. 8.00 lub 13.00, a przed egzaminami ustnymi najp\u00f3\u017aniej na 15 minut przed planowan\u0105 godzin\u0105 wej\u015bcia. W przypadku choroby lub innej sytuacji losowej, najp\u00f3\u017aniej w dniu egzaminu nale\u017cy dostarczy\u0107 stosowne&#8230;<\/p>\n","protected":false},"author":4,"featured_media":12790,"comment_status":"closed","ping_status":"closed","sticky":false,"template":"","format":"gallery","meta":{"_acf_changed":false,"_s2mail":"","footnotes":""},"categories":[1],"tags":[],"class_list":["post-12789","post","type-post","status-publish","format-gallery","has-post-thumbnail","hentry","category-bez-kategorii","post_format-post-format-gallery"],"acf":[],"_links":{"self":[{"href":"https:\/\/lo6.szczecin.pl\/index.php\/wp-json\/wp\/v2\/posts\/12789","targetHints":{"allow":["GET"]}}],"collection":[{"href":"https:\/\/lo6.szczecin.pl\/index.php\/wp-json\/wp\/v2\/posts"}],"about":[{"href":"https:\/\/lo6.szczecin.pl\/index.php\/wp-json\/wp\/v2\/types\/post"}],"author":[{"embeddable":true,"href":"https:\/\/lo6.szczecin.pl\/index.php\/wp-json\/wp\/v2\/users\/4"}],"replies":[{"embeddable":true,"href":"https:\/\/lo6.szczecin.pl\/index.php\/wp-json\/wp\/v2\/comments?post=12789"}],"version-history":[{"count":2,"href":"https:\/\/lo6.szczecin.pl\/index.php\/wp-json\/wp\/v2\/posts\/12789\/revisions"}],"predecessor-version":[{"id":12805,"href":"https:\/\/lo6.szczecin.pl\/index.php\/wp-json\/wp\/v2\/posts\/12789\/revisions\/12805"}],"wp:featuredmedia":[{"embeddable":true,"href":"https:\/\/lo6.szczecin.pl\/index.php\/wp-json\/wp\/v2\/media\/12790"}],"wp:attachment":[{"href":"https:\/\/lo6.szczecin.pl\/index.php\/wp-json\/wp\/v2\/media?parent=12789"}],"wp:term":[{"taxonomy":"category","embeddable":true,"href":"https:\/\/lo6.szczecin.pl\/index.php\/wp-json\/wp\/v2\/categories?post=12789"},{"taxonomy":"post_tag","embeddable":true,"href":"https:\/\/lo6.szczecin.pl\/index.php\/wp-json\/wp\/v2\/tags?post=12789"}],"curies":[{"name":"wp","href":"https:\/\/api.w.org\/{rel}","templated":true}]}}