{"id":12696,"date":"2024-12-20T08:31:52","date_gmt":"2024-12-20T07:31:52","guid":{"rendered":"https:\/\/lo6.szczecin.pl\/?p=12696"},"modified":"2025-01-14T08:37:18","modified_gmt":"2025-01-14T07:37:18","slug":"szkolny-pulitzer-kuriera-szczecinskiego","status":"publish","type":"post","link":"https:\/\/lo6.szczecin.pl\/index.php\/2024\/12\/20\/szkolny-pulitzer-kuriera-szczecinskiego\/","title":{"rendered":"Szkolny Pulitzer ?Kuriera Szczeci\u0144skiego?"},"content":{"rendered":"<p>Sukces! ?Zbli\u017cenia?- szkolna gazeta wydawana niezmiennie od lat pi\u0119\u0107dziesi\u0105tych dwudziestego wieku &#8211; zyska\u0142a tytu\u0142 najlepszej w wojew\u00f3dztwie.<\/p>\n<p>Nagrodzony zesp\u00f3\u0142 tworz\u0105: Julia Go\u017adzik, Ewelina Kawalec, Tatiana Skawi\u0144ska, Martyna Szel\u0105g i Pawe\u0142 Szczerbinski z opiekunem &#8211; p. Beat\u0105 Przybylsk\u0105-Jankowsk\u0105. Gratulujemy!<\/p>\n<p>&nbsp;<\/p>\n<p>Wi\u0119cej informacji:<\/p>\n<p><a href=\"https:\/\/24kurier.pl\/akcje-kuriera\/szkolny-pulitzer-2024\/do-zobaczenia-za-rok\/\">24Kurier.pl &#8211; Do zobaczenia za rok!<\/a><\/p>\n","protected":false},"excerpt":{"rendered":"<p>Sukces! ?Zbli\u017cenia?- szkolna gazeta wydawana niezmiennie od lat pi\u0119\u0107dziesi\u0105tych dwudziestego wieku &#8211; zyska\u0142a tytu\u0142 najlepszej w wojew\u00f3dztwie. Nagrodzony zesp\u00f3\u0142 tworz\u0105: Julia Go\u017adzik, Ewelina Kawalec, Tatiana Skawi\u0144ska, Martyna Szel\u0105g i Pawe\u0142 Szczerbinski z opiekunem &#8211; p. Beat\u0105 Przybylsk\u0105-Jankowsk\u0105. Gratulujemy! &nbsp; Wi\u0119cej informacji: 24Kurier.pl &#8211; Do zobaczenia za rok!<\/p>\n","protected":false},"author":4,"featured_media":12697,"comment_status":"closed","ping_status":"closed","sticky":false,"template":"","format":"gallery","meta":{"_acf_changed":false,"_s2mail":"","footnotes":""},"categories":[1],"tags":[],"class_list":["post-12696","post","type-post","status-publish","format-gallery","has-post-thumbnail","hentry","category-bez-kategorii","post_format-post-format-gallery"],"acf":[],"_links":{"self":[{"href":"https:\/\/lo6.szczecin.pl\/index.php\/wp-json\/wp\/v2\/posts\/12696","targetHints":{"allow":["GET"]}}],"collection":[{"href":"https:\/\/lo6.szczecin.pl\/index.php\/wp-json\/wp\/v2\/posts"}],"about":[{"href":"https:\/\/lo6.szczecin.pl\/index.php\/wp-json\/wp\/v2\/types\/post"}],"author":[{"embeddable":true,"href":"https:\/\/lo6.szczecin.pl\/index.php\/wp-json\/wp\/v2\/users\/4"}],"replies":[{"embeddable":true,"href":"https:\/\/lo6.szczecin.pl\/index.php\/wp-json\/wp\/v2\/comments?post=12696"}],"version-history":[{"count":1,"href":"https:\/\/lo6.szczecin.pl\/index.php\/wp-json\/wp\/v2\/posts\/12696\/revisions"}],"predecessor-version":[{"id":12699,"href":"https:\/\/lo6.szczecin.pl\/index.php\/wp-json\/wp\/v2\/posts\/12696\/revisions\/12699"}],"wp:featuredmedia":[{"embeddable":true,"href":"https:\/\/lo6.szczecin.pl\/index.php\/wp-json\/wp\/v2\/media\/12697"}],"wp:attachment":[{"href":"https:\/\/lo6.szczecin.pl\/index.php\/wp-json\/wp\/v2\/media?parent=12696"}],"wp:term":[{"taxonomy":"category","embeddable":true,"href":"https:\/\/lo6.szczecin.pl\/index.php\/wp-json\/wp\/v2\/categories?post=12696"},{"taxonomy":"post_tag","embeddable":true,"href":"https:\/\/lo6.szczecin.pl\/index.php\/wp-json\/wp\/v2\/tags?post=12696"}],"curies":[{"name":"wp","href":"https:\/\/api.w.org\/{rel}","templated":true}]}}