{"id":12693,"date":"2025-01-10T08:29:33","date_gmt":"2025-01-10T07:29:33","guid":{"rendered":"https:\/\/lo6.szczecin.pl\/?p=12693"},"modified":"2025-01-14T08:30:53","modified_gmt":"2025-01-14T07:30:53","slug":"zebrania-z-rodzicami-32","status":"publish","type":"post","link":"https:\/\/lo6.szczecin.pl\/index.php\/2025\/01\/10\/zebrania-z-rodzicami-32\/","title":{"rendered":"Zebrania z Rodzicami"},"content":{"rendered":"<p>Dnia 16.01.2025 r. o godzinie 17.00 odb\u0119d\u0105 si\u0119 zebrania z rodzicami podsumowuj\u0105ce prac\u0119 w I semestrze roku szkolnego 2024\/2025.<\/p>\n<p>Harmonogram wydarze\u0144:<\/p>\n<p>1. godz. 17.00 &#8211; 17.40 &#8211; zebrania z rodzicami uczni\u00f3w klas I i II,<br \/>\n2. godz. 17.45 &#8211; 18.25 &#8211; Koncert Charytatywny w sali 20 i 21.<br \/>\n3. godz. 18.30 &#8211; 19.15 -zebrania z rodzicami uczni\u00f3w klas III i IV.<\/p>\n<p>Konsultacje indywidualne jak zwykle w godz. 17.00 &#8211; 19.00.<\/p>\n<p>Serdecznie zapraszamy Wszystkich rodzic\u00f3w i nauczycieli na Koncert Charytatywny.<\/p>\n","protected":false},"excerpt":{"rendered":"<p>Dnia 16.01.2025 r. o godzinie 17.00 odb\u0119d\u0105 si\u0119 zebrania z rodzicami podsumowuj\u0105ce prac\u0119 w I semestrze roku szkolnego 2024\/2025. Harmonogram wydarze\u0144: 1. godz. 17.00 &#8211; 17.40 &#8211; zebrania z rodzicami uczni\u00f3w klas I i II, 2. godz. 17.45 &#8211; 18.25 &#8211; Koncert Charytatywny w sali 20 i 21. 3. godz. 18.30 &#8211; 19.15 -zebrania z&#8230;<\/p>\n","protected":false},"author":4,"featured_media":5177,"comment_status":"closed","ping_status":"closed","sticky":false,"template":"","format":"gallery","meta":{"_acf_changed":false,"_s2mail":"","footnotes":""},"categories":[1],"tags":[],"class_list":["post-12693","post","type-post","status-publish","format-gallery","has-post-thumbnail","hentry","category-bez-kategorii","post_format-post-format-gallery"],"acf":[],"_links":{"self":[{"href":"https:\/\/lo6.szczecin.pl\/index.php\/wp-json\/wp\/v2\/posts\/12693","targetHints":{"allow":["GET"]}}],"collection":[{"href":"https:\/\/lo6.szczecin.pl\/index.php\/wp-json\/wp\/v2\/posts"}],"about":[{"href":"https:\/\/lo6.szczecin.pl\/index.php\/wp-json\/wp\/v2\/types\/post"}],"author":[{"embeddable":true,"href":"https:\/\/lo6.szczecin.pl\/index.php\/wp-json\/wp\/v2\/users\/4"}],"replies":[{"embeddable":true,"href":"https:\/\/lo6.szczecin.pl\/index.php\/wp-json\/wp\/v2\/comments?post=12693"}],"version-history":[{"count":1,"href":"https:\/\/lo6.szczecin.pl\/index.php\/wp-json\/wp\/v2\/posts\/12693\/revisions"}],"predecessor-version":[{"id":12694,"href":"https:\/\/lo6.szczecin.pl\/index.php\/wp-json\/wp\/v2\/posts\/12693\/revisions\/12694"}],"wp:featuredmedia":[{"embeddable":true,"href":"https:\/\/lo6.szczecin.pl\/index.php\/wp-json\/wp\/v2\/media\/5177"}],"wp:attachment":[{"href":"https:\/\/lo6.szczecin.pl\/index.php\/wp-json\/wp\/v2\/media?parent=12693"}],"wp:term":[{"taxonomy":"category","embeddable":true,"href":"https:\/\/lo6.szczecin.pl\/index.php\/wp-json\/wp\/v2\/categories?post=12693"},{"taxonomy":"post_tag","embeddable":true,"href":"https:\/\/lo6.szczecin.pl\/index.php\/wp-json\/wp\/v2\/tags?post=12693"}],"curies":[{"name":"wp","href":"https:\/\/api.w.org\/{rel}","templated":true}]}}