{"id":12673,"date":"2024-11-20T09:45:52","date_gmt":"2024-11-20T08:45:52","guid":{"rendered":"https:\/\/lo6.szczecin.pl\/?p=12673"},"modified":"2024-12-10T09:52:23","modified_gmt":"2024-12-10T08:52:23","slug":"vi-lo-w-teatrze","status":"publish","type":"post","link":"https:\/\/lo6.szczecin.pl\/index.php\/2024\/11\/20\/vi-lo-w-teatrze\/","title":{"rendered":"VI LO w teatrze"},"content":{"rendered":"<div class=\"xdj266r x11i5rnm xat24cr x1mh8g0r x1vvkbs x126k92a\">\n<div dir=\"auto\"><\/div>\n<\/div>\n<div class=\"x11i5rnm xat24cr x1mh8g0r x1vvkbs xtlvy1s x126k92a\">\n<div dir=\"auto\" style=\"padding-left: 40px;\">W listopadzie uczniowie klas drugich mieli okazj\u0119 zobaczy\u0107 w Teatrze Polskim dwa spektakle &#8211; &#8220;Polit\u0119&#8221; i sztuk\u0119 pt. &#8220;Molier, czyli zmowa \u015bwi\u0119toszk\u00f3w&#8221;. Pola Negri i Jean-Baptiste Poquelin to bohaterowie, kt\u00f3rych biografi\u0119 w przepi\u0119kny spos\u00f3b opowiedzieli nam aktorzy Teatru Polskiego. Nie zabrak\u0142o \u015bpiewu i ta\u0144ca, a nawet efektu 3D, co uczyni\u0142o &#8220;Polit\u0119&#8221; wyj\u0105tkowym musicalem.<\/div>\n<\/div>\n","protected":false},"excerpt":{"rendered":"<p>W listopadzie uczniowie klas drugich mieli okazj\u0119 zobaczy\u0107 w Teatrze Polskim dwa spektakle &#8211; &#8220;Polit\u0119&#8221; i sztuk\u0119 pt. &#8220;Molier, czyli zmowa \u015bwi\u0119toszk\u00f3w&#8221;. Pola Negri i Jean-Baptiste Poquelin to bohaterowie, kt\u00f3rych biografi\u0119 w przepi\u0119kny spos\u00f3b opowiedzieli nam aktorzy Teatru Polskiego. Nie zabrak\u0142o \u015bpiewu i ta\u0144ca, a nawet efektu 3D, co uczyni\u0142o &#8220;Polit\u0119&#8221; wyj\u0105tkowym musicalem.<\/p>\n","protected":false},"author":4,"featured_media":0,"comment_status":"closed","ping_status":"closed","sticky":false,"template":"","format":"gallery","meta":{"_acf_changed":false,"_s2mail":"","footnotes":""},"categories":[1],"tags":[],"class_list":["post-12673","post","type-post","status-publish","format-gallery","hentry","category-bez-kategorii","post_format-post-format-gallery"],"acf":[],"_links":{"self":[{"href":"https:\/\/lo6.szczecin.pl\/index.php\/wp-json\/wp\/v2\/posts\/12673","targetHints":{"allow":["GET"]}}],"collection":[{"href":"https:\/\/lo6.szczecin.pl\/index.php\/wp-json\/wp\/v2\/posts"}],"about":[{"href":"https:\/\/lo6.szczecin.pl\/index.php\/wp-json\/wp\/v2\/types\/post"}],"author":[{"embeddable":true,"href":"https:\/\/lo6.szczecin.pl\/index.php\/wp-json\/wp\/v2\/users\/4"}],"replies":[{"embeddable":true,"href":"https:\/\/lo6.szczecin.pl\/index.php\/wp-json\/wp\/v2\/comments?post=12673"}],"version-history":[{"count":1,"href":"https:\/\/lo6.szczecin.pl\/index.php\/wp-json\/wp\/v2\/posts\/12673\/revisions"}],"predecessor-version":[{"id":12680,"href":"https:\/\/lo6.szczecin.pl\/index.php\/wp-json\/wp\/v2\/posts\/12673\/revisions\/12680"}],"wp:attachment":[{"href":"https:\/\/lo6.szczecin.pl\/index.php\/wp-json\/wp\/v2\/media?parent=12673"}],"wp:term":[{"taxonomy":"category","embeddable":true,"href":"https:\/\/lo6.szczecin.pl\/index.php\/wp-json\/wp\/v2\/categories?post=12673"},{"taxonomy":"post_tag","embeddable":true,"href":"https:\/\/lo6.szczecin.pl\/index.php\/wp-json\/wp\/v2\/tags?post=12673"}],"curies":[{"name":"wp","href":"https:\/\/api.w.org\/{rel}","templated":true}]}}