{"id":12652,"date":"2024-12-10T09:40:06","date_gmt":"2024-12-10T08:40:06","guid":{"rendered":"https:\/\/lo6.szczecin.pl\/?p=12652"},"modified":"2024-12-10T09:40:06","modified_gmt":"2024-12-10T08:40:06","slug":"lekcja-z-european-solidarity-corps","status":"publish","type":"post","link":"https:\/\/lo6.szczecin.pl\/index.php\/2024\/12\/10\/lekcja-z-european-solidarity-corps\/","title":{"rendered":"Lekcja z European Solidarity Corps"},"content":{"rendered":"<p style=\"padding-left: 40px;\">9 grudnia klasa 2b3 mia\u0142a okazj\u0119 uczestniczy\u0107 w lekcjach j\u0119zyka angielskiego prowadzonych przez wolontariuszki z European Solidarity Corps ? Ace i Letizi\u0119.<\/p>\n<p style=\"padding-left: 40px;\">Ace pochodzi z W\u0142och, a Letizia z Niemiec. Do Szczecina przyjecha\u0142y w ramach inicjatywy Europejskiego Korpusu Solidarno\u015bci, kt\u00f3ry daje m\u0142odym ludziom (w wieku od 18 do 30 lat) mo\u017cliwo\u015b\u0107 niesienia pomocy tam, gdzie jest ona potrzebna, a dodatkowo pozwala na zdobycie do\u015bwiadczenia i nowych umiej\u0119tno\u015bci. Wolontariuszki dzia\u0142aj\u0105 na co dzie\u0144 w organizacji Polites. Ace uko\u0144czy\u0142a studia licencjackie z zakresu komunikacji w Mediolanie, ale po studiach stwierdzi\u0142a, \u017ce to nie by\u0142 jej wymarzony kierunek. Letizia z kolei przyjecha\u0142a do naszego miasta tu\u017c po uko\u0144czeniu szko\u0142y \u015bredniej. Mo\u017cna powiedzie\u0107, \u017ce obie poszukuj\u0105 przeznaczenia, a przy tym poznaj\u0105 kultur\u0119 i codzienno\u015b\u0107 Polski. Co ciekawe, Ace odkry\u0142a w sobie mi\u0142o\u015b\u0107 do zg\u0142\u0119biania tajnik\u00f3w nauki j\u0119zyk\u00f3w obcych i zamierza wr\u00f3ci\u0107 do Mediolanu, aby studiowa\u0107 j\u0119zyk polski, a nast\u0119pnie uczy\u0107 Polak\u00f3w j\u0119zyka w\u0142oskiego. Letizia rozwa\u017ca podj\u0119cie studi\u00f3w historycznych, muzycznych lub psychologicznych. Wolontariuszki opowiedzia\u0142y nam o w\u0142oskich i niemieckich tradycjach \u015bwi\u0105tecznych, pokaza\u0142y zdj\u0119cia ze swoich dzia\u0142a\u0144 w Polsce i odpowiedzia\u0142y na wszystkie nurtuj\u0105ce nas pytania. Obie przyzna\u0142y, \u017ce w Polsce najbardziej zaskoczy\u0142 ich brak u\u015bmiechu na twarzach przypadkowo napotykanych przechodni\u00f3w. Obie tak\u017ce pokocha\u0142y pierogi i niedawno bra\u0142y udzia\u0142 w warsztatach ich lepienia.<\/p>\n<p style=\"padding-left: 40px;\">Zatem ? \u015bmiejmy si\u0119 cz\u0119\u015bciej i lepmy pierogi. Nie tylko od \u015bwi\u0119ta:)<\/p>\n","protected":false},"excerpt":{"rendered":"<p>9 grudnia klasa 2b3 mia\u0142a okazj\u0119 uczestniczy\u0107 w lekcjach j\u0119zyka angielskiego prowadzonych przez wolontariuszki z European Solidarity Corps ? Ace i Letizi\u0119. Ace pochodzi z W\u0142och, a Letizia z Niemiec. Do Szczecina przyjecha\u0142y w ramach inicjatywy Europejskiego Korpusu Solidarno\u015bci, kt\u00f3ry daje m\u0142odym ludziom (w wieku od 18 do 30 lat) mo\u017cliwo\u015b\u0107 niesienia pomocy tam, gdzie&#8230;<\/p>\n","protected":false},"author":4,"featured_media":12658,"comment_status":"closed","ping_status":"closed","sticky":false,"template":"","format":"gallery","meta":{"_acf_changed":false,"_s2mail":"","footnotes":""},"categories":[1],"tags":[],"class_list":["post-12652","post","type-post","status-publish","format-gallery","has-post-thumbnail","hentry","category-bez-kategorii","post_format-post-format-gallery"],"acf":[],"_links":{"self":[{"href":"https:\/\/lo6.szczecin.pl\/index.php\/wp-json\/wp\/v2\/posts\/12652","targetHints":{"allow":["GET"]}}],"collection":[{"href":"https:\/\/lo6.szczecin.pl\/index.php\/wp-json\/wp\/v2\/posts"}],"about":[{"href":"https:\/\/lo6.szczecin.pl\/index.php\/wp-json\/wp\/v2\/types\/post"}],"author":[{"embeddable":true,"href":"https:\/\/lo6.szczecin.pl\/index.php\/wp-json\/wp\/v2\/users\/4"}],"replies":[{"embeddable":true,"href":"https:\/\/lo6.szczecin.pl\/index.php\/wp-json\/wp\/v2\/comments?post=12652"}],"version-history":[{"count":1,"href":"https:\/\/lo6.szczecin.pl\/index.php\/wp-json\/wp\/v2\/posts\/12652\/revisions"}],"predecessor-version":[{"id":12659,"href":"https:\/\/lo6.szczecin.pl\/index.php\/wp-json\/wp\/v2\/posts\/12652\/revisions\/12659"}],"wp:featuredmedia":[{"embeddable":true,"href":"https:\/\/lo6.szczecin.pl\/index.php\/wp-json\/wp\/v2\/media\/12658"}],"wp:attachment":[{"href":"https:\/\/lo6.szczecin.pl\/index.php\/wp-json\/wp\/v2\/media?parent=12652"}],"wp:term":[{"taxonomy":"category","embeddable":true,"href":"https:\/\/lo6.szczecin.pl\/index.php\/wp-json\/wp\/v2\/categories?post=12652"},{"taxonomy":"post_tag","embeddable":true,"href":"https:\/\/lo6.szczecin.pl\/index.php\/wp-json\/wp\/v2\/tags?post=12652"}],"curies":[{"name":"wp","href":"https:\/\/api.w.org\/{rel}","templated":true}]}}