{"id":12613,"date":"2024-10-21T13:38:11","date_gmt":"2024-10-21T11:38:11","guid":{"rendered":"https:\/\/lo6.szczecin.pl\/?p=12613"},"modified":"2024-10-21T13:38:58","modified_gmt":"2024-10-21T11:38:58","slug":"zebrania-i-konsultacje","status":"publish","type":"post","link":"https:\/\/lo6.szczecin.pl\/index.php\/2024\/10\/21\/zebrania-i-konsultacje\/","title":{"rendered":"Zebrania i konsultacje"},"content":{"rendered":"<p style=\"padding-left: 40px;\">Dnia 24 pa\u017adziernika odb\u0119d\u0105 si\u0119 zebrania z rodzicami uczni\u00f3w klas I, oraz konsultacje dla rodzic\u00f3w uczni\u00f3w kl. II, III i IV:<\/p>\n<ul>\n<li>17.00 &#8211; klasy 1 B1, 1 B2, 1 C &#8211; ZEBRANIE OG\u00d3LNE, przedstawienie wynik\u00f3w diagnoz, spotkanie z psychologami;<\/li>\n<li>od godz. 17.00 do godz. 19.00 &#8211; klasy I, II, III i IV &#8211; bie\u017c\u0105ce osi\u0105gni\u0119cia uczni\u00f3w, post\u0119py w nauce; KONSULTACJE INDYWIDUALNE RODZIC\u00d3W Z NAUCZYCIELAMI (wskazane jest um\u00f3wienie godziny konsultacji z nauczycielem)<\/li>\n<\/ul>\n","protected":false},"excerpt":{"rendered":"<p>Dnia 24 pa\u017adziernika odb\u0119d\u0105 si\u0119 zebrania z rodzicami uczni\u00f3w klas I, oraz konsultacje dla rodzic\u00f3w uczni\u00f3w kl. II, III i IV: 17.00 &#8211; klasy 1 B1, 1 B2, 1 C &#8211; ZEBRANIE OG\u00d3LNE, przedstawienie wynik\u00f3w diagnoz, spotkanie z psychologami; od godz. 17.00 do godz. 19.00 &#8211; klasy I, II, III i IV &#8211; bie\u017c\u0105ce osi\u0105gni\u0119cia&#8230;<\/p>\n","protected":false},"author":4,"featured_media":5177,"comment_status":"closed","ping_status":"closed","sticky":false,"template":"","format":"standard","meta":{"_acf_changed":false,"_s2mail":"","footnotes":""},"categories":[365],"tags":[],"class_list":["post-12613","post","type-post","status-publish","format-standard","has-post-thumbnail","hentry","category-galeria"],"acf":[],"_links":{"self":[{"href":"https:\/\/lo6.szczecin.pl\/index.php\/wp-json\/wp\/v2\/posts\/12613","targetHints":{"allow":["GET"]}}],"collection":[{"href":"https:\/\/lo6.szczecin.pl\/index.php\/wp-json\/wp\/v2\/posts"}],"about":[{"href":"https:\/\/lo6.szczecin.pl\/index.php\/wp-json\/wp\/v2\/types\/post"}],"author":[{"embeddable":true,"href":"https:\/\/lo6.szczecin.pl\/index.php\/wp-json\/wp\/v2\/users\/4"}],"replies":[{"embeddable":true,"href":"https:\/\/lo6.szczecin.pl\/index.php\/wp-json\/wp\/v2\/comments?post=12613"}],"version-history":[{"count":2,"href":"https:\/\/lo6.szczecin.pl\/index.php\/wp-json\/wp\/v2\/posts\/12613\/revisions"}],"predecessor-version":[{"id":12616,"href":"https:\/\/lo6.szczecin.pl\/index.php\/wp-json\/wp\/v2\/posts\/12613\/revisions\/12616"}],"wp:featuredmedia":[{"embeddable":true,"href":"https:\/\/lo6.szczecin.pl\/index.php\/wp-json\/wp\/v2\/media\/5177"}],"wp:attachment":[{"href":"https:\/\/lo6.szczecin.pl\/index.php\/wp-json\/wp\/v2\/media?parent=12613"}],"wp:term":[{"taxonomy":"category","embeddable":true,"href":"https:\/\/lo6.szczecin.pl\/index.php\/wp-json\/wp\/v2\/categories?post=12613"},{"taxonomy":"post_tag","embeddable":true,"href":"https:\/\/lo6.szczecin.pl\/index.php\/wp-json\/wp\/v2\/tags?post=12613"}],"curies":[{"name":"wp","href":"https:\/\/api.w.org\/{rel}","templated":true}]}}