{"id":12543,"date":"2024-09-03T14:58:44","date_gmt":"2024-09-03T12:58:44","guid":{"rendered":"https:\/\/lo6.szczecin.pl\/?p=12543"},"modified":"2024-09-04T15:01:30","modified_gmt":"2024-09-04T13:01:30","slug":"standardy-ochrony-maloletnich","status":"publish","type":"post","link":"https:\/\/lo6.szczecin.pl\/index.php\/2024\/09\/03\/standardy-ochrony-maloletnich\/","title":{"rendered":"Standardy Ochrony Ma\u0142oletnich"},"content":{"rendered":"<p style=\"padding-left: 40px;\">Wytyczne dotycz\u0105ce Standard\u00f3w Ochrony Ma\u0142oletnich:<br \/>\n<a href=\"https:\/\/lo6.szczecin.pl\/wp-content\/uploads\/2024\/09\/SOM-wersja-skrocona-.-wytyczne.pdf\">https:\/\/lo6.szczecin.pl\/wp-content\/uploads\/2024\/09\/SOM-wersja-skrocona-.-wytyczne.pdf<\/a><\/p>\n","protected":false},"excerpt":{"rendered":"<p>Wytyczne dotycz\u0105ce Standard\u00f3w Ochrony Ma\u0142oletnich: https:\/\/lo6.szczecin.pl\/wp-content\/uploads\/2024\/09\/SOM-wersja-skrocona-.-wytyczne.pdf<\/p>\n","protected":false},"author":4,"featured_media":12545,"comment_status":"closed","ping_status":"closed","sticky":false,"template":"","format":"gallery","meta":{"_acf_changed":false,"_s2mail":"","footnotes":""},"categories":[1],"tags":[],"class_list":["post-12543","post","type-post","status-publish","format-gallery","has-post-thumbnail","hentry","category-bez-kategorii","post_format-post-format-gallery"],"acf":[],"_links":{"self":[{"href":"https:\/\/lo6.szczecin.pl\/index.php\/wp-json\/wp\/v2\/posts\/12543","targetHints":{"allow":["GET"]}}],"collection":[{"href":"https:\/\/lo6.szczecin.pl\/index.php\/wp-json\/wp\/v2\/posts"}],"about":[{"href":"https:\/\/lo6.szczecin.pl\/index.php\/wp-json\/wp\/v2\/types\/post"}],"author":[{"embeddable":true,"href":"https:\/\/lo6.szczecin.pl\/index.php\/wp-json\/wp\/v2\/users\/4"}],"replies":[{"embeddable":true,"href":"https:\/\/lo6.szczecin.pl\/index.php\/wp-json\/wp\/v2\/comments?post=12543"}],"version-history":[{"count":1,"href":"https:\/\/lo6.szczecin.pl\/index.php\/wp-json\/wp\/v2\/posts\/12543\/revisions"}],"predecessor-version":[{"id":12546,"href":"https:\/\/lo6.szczecin.pl\/index.php\/wp-json\/wp\/v2\/posts\/12543\/revisions\/12546"}],"wp:featuredmedia":[{"embeddable":true,"href":"https:\/\/lo6.szczecin.pl\/index.php\/wp-json\/wp\/v2\/media\/12545"}],"wp:attachment":[{"href":"https:\/\/lo6.szczecin.pl\/index.php\/wp-json\/wp\/v2\/media?parent=12543"}],"wp:term":[{"taxonomy":"category","embeddable":true,"href":"https:\/\/lo6.szczecin.pl\/index.php\/wp-json\/wp\/v2\/categories?post=12543"},{"taxonomy":"post_tag","embeddable":true,"href":"https:\/\/lo6.szczecin.pl\/index.php\/wp-json\/wp\/v2\/tags?post=12543"}],"curies":[{"name":"wp","href":"https:\/\/api.w.org\/{rel}","templated":true}]}}