{"id":12531,"date":"2024-09-04T14:52:06","date_gmt":"2024-09-04T12:52:06","guid":{"rendered":"https:\/\/lo6.szczecin.pl\/?p=12531"},"modified":"2024-09-04T15:02:02","modified_gmt":"2024-09-04T13:02:02","slug":"zasady-zbierania-danych-zwiazanych-z-organizacja-zajec-religii-danego-wyznania","status":"publish","type":"post","link":"https:\/\/lo6.szczecin.pl\/index.php\/2024\/09\/04\/zasady-zbierania-danych-zwiazanych-z-organizacja-zajec-religii-danego-wyznania\/","title":{"rendered":"Zasady zbierania danych zwi\u0105zanych z organizacj\u0105 zaj\u0119\u0107 religii danego wyznania"},"content":{"rendered":"<h4 style=\"font-weight: 400; padding-left: 40px;\"><span style=\"font-size: 12pt;\">Osobom zainteresowanym udost\u0119pniamy za\u0142\u0105czniki dotycz\u0105ce zasad zbierania danych zwi\u0105zanych z organizacj\u0105 zaj\u0119\u0107 religii danego wyznania. <\/span><\/h4>\n<p style=\"padding-left: 40px;\"><a href=\"https:\/\/lo6.szczecin.pl\/wp-content\/uploads\/2024\/09\/Zasady-zbierania-danych-zwiazanych-z-organizacja-zajec-religii.docx\">https:\/\/lo6.szczecin.pl\/wp-content\/uploads\/2024\/09\/Zasady-zbierania-danych-zwiazanych-z-organizacja-zajec-religii.docx<\/a><\/p>\n<p style=\"padding-left: 40px;\"><a href=\"https:\/\/lo6.szczecin.pl\/wp-content\/uploads\/2024\/09\/zalacznik-nr-1_deklaracja-religia-etyka_rodzic.docx\">https:\/\/lo6.szczecin.pl\/wp-content\/uploads\/2024\/09\/zalacznik-nr-1_deklaracja-religia-etyka_rodzic.docx<\/a><\/p>\n<p style=\"padding-left: 40px;\"><a href=\"https:\/\/lo6.szczecin.pl\/wp-content\/uploads\/2024\/09\/zalacznik-nr-2_deklaracja-religia-etyka_pelnoletni-uczen.docx\">https:\/\/lo6.szczecin.pl\/wp-content\/uploads\/2024\/09\/zalacznik-nr-2_deklaracja-religia-etyka_pelnoletni-uczen.docx<\/a><\/p>\n<p style=\"padding-left: 40px;\"><a href=\"https:\/\/lo6.szczecin.pl\/wp-content\/uploads\/2024\/09\/zalacznik-nr-3_reszygnacja-z-zajec-religii-etyki_rodzic.docx\">https:\/\/lo6.szczecin.pl\/wp-content\/uploads\/2024\/09\/zalacznik-nr-3_reszygnacja-z-zajec-religii-etyki_rodzic.docx<\/a><\/p>\n<p style=\"padding-left: 40px;\"><a href=\"https:\/\/lo6.szczecin.pl\/wp-content\/uploads\/2024\/09\/zalacznik-nr-4_reszygnacja-z-zajec-religii-etyki_pelnoletni-uczen.docx\">https:\/\/lo6.szczecin.pl\/wp-content\/uploads\/2024\/09\/zalacznik-nr-4_reszygnacja-z-zajec-religii-etyki_pelnoletni-uczen.docx<\/a><\/p>\n<p style=\"padding-left: 40px;\"><a href=\"https:\/\/lo6.szczecin.pl\/wp-content\/uploads\/2024\/09\/zalacznik-nr-5.xlsx\">https:\/\/lo6.szczecin.pl\/wp-content\/uploads\/2024\/09\/zalacznik-nr-5.xlsx<\/a><\/p>\n<p>&nbsp;<\/p>\n","protected":false},"excerpt":{"rendered":"<p>Osobom zainteresowanym udost\u0119pniamy za\u0142\u0105czniki dotycz\u0105ce zasad zbierania danych zwi\u0105zanych z organizacj\u0105 zaj\u0119\u0107 religii danego wyznania. https:\/\/lo6.szczecin.pl\/wp-content\/uploads\/2024\/09\/Zasady-zbierania-danych-zwiazanych-z-organizacja-zajec-religii.docx https:\/\/lo6.szczecin.pl\/wp-content\/uploads\/2024\/09\/zalacznik-nr-1_deklaracja-religia-etyka_rodzic.docx https:\/\/lo6.szczecin.pl\/wp-content\/uploads\/2024\/09\/zalacznik-nr-2_deklaracja-religia-etyka_pelnoletni-uczen.docx https:\/\/lo6.szczecin.pl\/wp-content\/uploads\/2024\/09\/zalacznik-nr-3_reszygnacja-z-zajec-religii-etyki_rodzic.docx https:\/\/lo6.szczecin.pl\/wp-content\/uploads\/2024\/09\/zalacznik-nr-4_reszygnacja-z-zajec-religii-etyki_pelnoletni-uczen.docx https:\/\/lo6.szczecin.pl\/wp-content\/uploads\/2024\/09\/zalacznik-nr-5.xlsx &nbsp;<\/p>\n","protected":false},"author":4,"featured_media":12538,"comment_status":"closed","ping_status":"closed","sticky":false,"template":"","format":"gallery","meta":{"_acf_changed":false,"_s2mail":"","footnotes":""},"categories":[1],"tags":[],"class_list":["post-12531","post","type-post","status-publish","format-gallery","has-post-thumbnail","hentry","category-bez-kategorii","post_format-post-format-gallery"],"acf":[],"_links":{"self":[{"href":"https:\/\/lo6.szczecin.pl\/index.php\/wp-json\/wp\/v2\/posts\/12531","targetHints":{"allow":["GET"]}}],"collection":[{"href":"https:\/\/lo6.szczecin.pl\/index.php\/wp-json\/wp\/v2\/posts"}],"about":[{"href":"https:\/\/lo6.szczecin.pl\/index.php\/wp-json\/wp\/v2\/types\/post"}],"author":[{"embeddable":true,"href":"https:\/\/lo6.szczecin.pl\/index.php\/wp-json\/wp\/v2\/users\/4"}],"replies":[{"embeddable":true,"href":"https:\/\/lo6.szczecin.pl\/index.php\/wp-json\/wp\/v2\/comments?post=12531"}],"version-history":[{"count":1,"href":"https:\/\/lo6.szczecin.pl\/index.php\/wp-json\/wp\/v2\/posts\/12531\/revisions"}],"predecessor-version":[{"id":12539,"href":"https:\/\/lo6.szczecin.pl\/index.php\/wp-json\/wp\/v2\/posts\/12531\/revisions\/12539"}],"wp:featuredmedia":[{"embeddable":true,"href":"https:\/\/lo6.szczecin.pl\/index.php\/wp-json\/wp\/v2\/media\/12538"}],"wp:attachment":[{"href":"https:\/\/lo6.szczecin.pl\/index.php\/wp-json\/wp\/v2\/media?parent=12531"}],"wp:term":[{"taxonomy":"category","embeddable":true,"href":"https:\/\/lo6.szczecin.pl\/index.php\/wp-json\/wp\/v2\/categories?post=12531"},{"taxonomy":"post_tag","embeddable":true,"href":"https:\/\/lo6.szczecin.pl\/index.php\/wp-json\/wp\/v2\/tags?post=12531"}],"curies":[{"name":"wp","href":"https:\/\/api.w.org\/{rel}","templated":true}]}}