{"id":12522,"date":"2024-09-17T12:27:53","date_gmt":"2024-09-17T10:27:53","guid":{"rendered":"https:\/\/lo6.szczecin.pl\/?p=12522"},"modified":"2024-09-17T14:24:28","modified_gmt":"2024-09-17T12:24:28","slug":"mlegitymacje","status":"publish","type":"post","link":"https:\/\/lo6.szczecin.pl\/index.php\/2024\/09\/17\/mlegitymacje\/","title":{"rendered":"mLegitymacje i elegitymacje"},"content":{"rendered":"<p style=\"padding-left: 40px;\">Drodzy Rodzice,<br \/>\nSzanowni uczniowie,<\/p>\n<p style=\"padding-left: 40px;\">\nprzypominamy, \u017ce warunkiem otrzymania e-Legitymacji jest za\u0142\u0105czanie zdj\u0119cia do systemu Librus. Wszystkie osoby, kt\u00f3re tego nie zrobi\u0142y, prosimy o pilne ich za\u0142\u0105czenie. Przypominamy r\u00f3wnie\u017c, \u017ce papierowe legitymacje nie b\u0119d\u0105 ju\u017c wystawiane. W razie problem\u00f3w z za\u0142\u0105czeniem zdj\u0119\u0107 nauczyciele informatyki oraz Pani Wicedyrektor s\u0142u\u017c\u0105 pomoc\u0105.<\/p>\n<p>Z powa\u017caniem<br \/>\nAndrzelika Piotrowska<br \/>\nsekretarz VI LO<\/p>\n<p style=\"padding-left: 40px;\">Wytyczne do zdj\u0119cia: <a href=\"https:\/\/www.gov.pl\/web\/gov\/zdjecie-do-dowodu-lub-paszportu\">https:\/\/www.gov.pl\/web\/gov\/zdjecie-do-dowodu-lub-paszportu<\/a><\/p>\n<p style=\"padding-left: 40px;\">INSTRUKCJA <a href=\"https:\/\/lo6.szczecin.pl\/wp-content\/uploads\/2024\/09\/Dodanie-zdjecia-przez-ucznia.pdf\">dodawania zdj\u0119\u0107 w aplikacji mobilnej Librus i przez przegl\u0105dark\u0119<\/a>.<\/p>\n","protected":false},"excerpt":{"rendered":"<p>Drodzy Rodzice, Szanowni uczniowie, przypominamy, \u017ce warunkiem otrzymania e-Legitymacji jest za\u0142\u0105czanie zdj\u0119cia do systemu Librus. Wszystkie osoby, kt\u00f3re tego nie zrobi\u0142y, prosimy o pilne ich za\u0142\u0105czenie. Przypominamy r\u00f3wnie\u017c, \u017ce papierowe legitymacje nie b\u0119d\u0105 ju\u017c wystawiane. W razie problem\u00f3w z za\u0142\u0105czeniem zdj\u0119\u0107 nauczyciele informatyki oraz Pani Wicedyrektor s\u0142u\u017c\u0105 pomoc\u0105. Z powa\u017caniem Andrzelika Piotrowska sekretarz VI LO&#8230;<\/p>\n","protected":false},"author":4,"featured_media":12523,"comment_status":"closed","ping_status":"closed","sticky":false,"template":"","format":"gallery","meta":{"_acf_changed":false,"_s2mail":"","footnotes":""},"categories":[1],"tags":[],"class_list":["post-12522","post","type-post","status-publish","format-gallery","has-post-thumbnail","hentry","category-bez-kategorii","post_format-post-format-gallery"],"acf":[],"_links":{"self":[{"href":"https:\/\/lo6.szczecin.pl\/index.php\/wp-json\/wp\/v2\/posts\/12522","targetHints":{"allow":["GET"]}}],"collection":[{"href":"https:\/\/lo6.szczecin.pl\/index.php\/wp-json\/wp\/v2\/posts"}],"about":[{"href":"https:\/\/lo6.szczecin.pl\/index.php\/wp-json\/wp\/v2\/types\/post"}],"author":[{"embeddable":true,"href":"https:\/\/lo6.szczecin.pl\/index.php\/wp-json\/wp\/v2\/users\/4"}],"replies":[{"embeddable":true,"href":"https:\/\/lo6.szczecin.pl\/index.php\/wp-json\/wp\/v2\/comments?post=12522"}],"version-history":[{"count":7,"href":"https:\/\/lo6.szczecin.pl\/index.php\/wp-json\/wp\/v2\/posts\/12522\/revisions"}],"predecessor-version":[{"id":12572,"href":"https:\/\/lo6.szczecin.pl\/index.php\/wp-json\/wp\/v2\/posts\/12522\/revisions\/12572"}],"wp:featuredmedia":[{"embeddable":true,"href":"https:\/\/lo6.szczecin.pl\/index.php\/wp-json\/wp\/v2\/media\/12523"}],"wp:attachment":[{"href":"https:\/\/lo6.szczecin.pl\/index.php\/wp-json\/wp\/v2\/media?parent=12522"}],"wp:term":[{"taxonomy":"category","embeddable":true,"href":"https:\/\/lo6.szczecin.pl\/index.php\/wp-json\/wp\/v2\/categories?post=12522"},{"taxonomy":"post_tag","embeddable":true,"href":"https:\/\/lo6.szczecin.pl\/index.php\/wp-json\/wp\/v2\/tags?post=12522"}],"curies":[{"name":"wp","href":"https:\/\/api.w.org\/{rel}","templated":true}]}}