{"id":12514,"date":"2024-08-28T13:43:49","date_gmt":"2024-08-28T11:43:49","guid":{"rendered":"https:\/\/lo6.szczecin.pl\/?p=12514"},"modified":"2024-08-29T08:58:44","modified_gmt":"2024-08-29T06:58:44","slug":"rozpoczecie-roku-szkolnego","status":"publish","type":"post","link":"https:\/\/lo6.szczecin.pl\/index.php\/2024\/08\/28\/rozpoczecie-roku-szkolnego\/","title":{"rendered":"Rozpocz\u0119cie roku Szkolnego"},"content":{"rendered":"<p style=\"padding-left: 40px;\">Uroczysta inauguracja roku szkolnego 2024\/2025 &#8211; odb\u0119dzie si\u0119 2 wrze\u015bnia o godz. 8.30 na dziedzi\u0144cu przy sali gimnastycznej (przy ul. Jagiello\u0144skiej 61).<\/p>\n<p style=\"padding-left: 40px;\">Po cz\u0119\u015bci oficjalnej zapraszamy na spotkania uczni\u00f3w z wychowawcami zgodnie z harmonogramem:<\/p>\n<p style=\"padding-left: 40px;\">klasa\u00a0\u00a0\u00a0\u00a0\u00a0 1 B1\u00a0\u00a0\u00a0\u00a0\u00a0\u00a0\u00a0\u00a0\u00a0\u00a0\u00a0\u00a0\u00a0\u00a0\u00a0\u00a0\u00a0\u00a0\u00a0\u00a0 Agnieszka Andrzejuk, sala 3<\/p>\n<p style=\"padding-left: 40px;\">klasa\u00a0\u00a0\u00a0\u00a0\u00a0 1 B2\u00a0\u00a0\u00a0\u00a0\u00a0\u00a0\u00a0\u00a0\u00a0\u00a0\u00a0\u00a0\u00a0\u00a0\u00a0\u00a0\u00a0\u00a0\u00a0\u00a0 Beata Przybylska-Jankowska, sala 21<\/p>\n<p style=\"padding-left: 40px;\">klasa\u00a0\u00a0\u00a0\u00a0\u00a0 1 C\u00a0\u00a0\u00a0\u00a0\u00a0\u00a0\u00a0\u00a0\u00a0\u00a0\u00a0\u00a0\u00a0\u00a0\u00a0\u00a0\u00a0\u00a0\u00a0\u00a0\u00a0\u00a0\u00a0 Katarzyna Kochma\u0144ska, sala 24<\/p>\n<p style=\"padding-left: 40px;\">klasa\u00a0\u00a0\u00a0\u00a0\u00a0 2 A1\u00a0\u00a0\u00a0\u00a0\u00a0\u00a0\u00a0\u00a0\u00a0\u00a0\u00a0\u00a0\u00a0\u00a0\u00a0\u00a0\u00a0\u00a0\u00a0\u00a0 Paulina Hajdamowicz, sala 30<\/p>\n<p style=\"padding-left: 40px;\">klasa\u00a0\u00a0\u00a0\u00a0\u00a0 2 A2\u00a0\u00a0\u00a0\u00a0\u00a0\u00a0\u00a0\u00a0\u00a0\u00a0\u00a0\u00a0\u00a0\u00a0\u00a0\u00a0\u00a0\u00a0\u00a0\u00a0 Lidia Wasilewska, sala 101<\/p>\n<p style=\"padding-left: 40px;\">klasa\u00a0\u00a0\u00a0\u00a0\u00a0 2 B1\u00a0\u00a0\u00a0\u00a0\u00a0\u00a0\u00a0\u00a0\u00a0\u00a0\u00a0\u00a0\u00a0\u00a0\u00a0\u00a0\u00a0\u00a0\u00a0\u00a0 Iwona Kacalak, sala 4<\/p>\n<p style=\"padding-left: 40px;\">klasa\u00a0\u00a0\u00a0\u00a0\u00a0 2 B2\u00a0\u00a0\u00a0\u00a0\u00a0\u00a0\u00a0\u00a0\u00a0\u00a0\u00a0\u00a0\u00a0\u00a0\u00a0\u00a0\u00a0\u00a0\u00a0\u00a0 Katarzyna So\u0142tykiewicz, sala 2<\/p>\n<p style=\"padding-left: 40px;\">klasa\u00a0\u00a0\u00a0\u00a0\u00a0 2 B3\u00a0\u00a0\u00a0\u00a0\u00a0\u00a0\u00a0\u00a0\u00a0\u00a0\u00a0\u00a0\u00a0\u00a0\u00a0\u00a0\u00a0\u00a0\u00a0\u00a0 Paulina Ku\u017amo-Biwan, sala 1a<\/p>\n<p style=\"padding-left: 40px;\">klasa\u00a0\u00a0\u00a0\u00a0\u00a0 2 C\u00a0\u00a0\u00a0\u00a0\u00a0\u00a0\u00a0\u00a0\u00a0\u00a0\u00a0\u00a0\u00a0\u00a0\u00a0\u00a0\u00a0\u00a0\u00a0\u00a0\u00a0\u00a0\u00a0 Anna Ihma-Kasprzyk, sala 14<\/p>\n<p style=\"padding-left: 40px;\">klasa\u00a0\u00a0\u00a0\u00a0\u00a0 2 D\u00a0\u00a0\u00a0\u00a0\u00a0\u00a0\u00a0\u00a0\u00a0\u00a0\u00a0\u00a0\u00a0\u00a0\u00a0\u00a0\u00a0\u00a0\u00a0\u00a0\u00a0\u00a0 Anna Stach\u00f3w, sala 23<\/p>\n<p style=\"padding-left: 40px;\">klasa\u00a0\u00a0\u00a0\u00a0\u00a0 3 A1\u00a0\u00a0\u00a0\u00a0\u00a0\u00a0\u00a0\u00a0\u00a0\u00a0\u00a0\u00a0\u00a0\u00a0\u00a0\u00a0\u00a0\u00a0\u00a0\u00a0 Agnieszka \u017begli\u0144ska, sala 7<\/p>\n<p style=\"padding-left: 40px;\">klasa\u00a0\u00a0\u00a0\u00a0\u00a0 3 A2\u00a0\u00a0\u00a0\u00a0\u00a0\u00a0\u00a0\u00a0\u00a0\u00a0\u00a0\u00a0\u00a0\u00a0\u00a0\u00a0\u00a0\u00a0\u00a0\u00a0 Beata Pachlowska, sala 25<\/p>\n<p style=\"padding-left: 40px;\">klasa\u00a0\u00a0\u00a0\u00a0\u00a0 3 B\u00a0\u00a0\u00a0\u00a0\u00a0\u00a0\u00a0\u00a0\u00a0\u00a0\u00a0\u00a0\u00a0\u00a0\u00a0\u00a0\u00a0\u00a0\u00a0\u00a0\u00a0\u00a0\u00a0 Barbara Kowalska, sala 22<\/p>\n<p style=\"padding-left: 40px;\">klasa\u00a0\u00a0\u00a0\u00a0\u00a0 3 B1S\u00a0\u00a0\u00a0\u00a0\u00a0\u00a0\u00a0\u00a0\u00a0\u00a0\u00a0\u00a0\u00a0\u00a0\u00a0\u00a0\u00a0\u00a0 Liliana Kitzman, sala 6<\/p>\n<p style=\"padding-left: 40px;\">klasa\u00a0\u00a0\u00a0\u00a0\u00a0 3 B2\u00a0\u00a0\u00a0\u00a0\u00a0\u00a0\u00a0\u00a0\u00a0\u00a0\u00a0\u00a0\u00a0\u00a0\u00a0\u00a0\u00a0\u00a0\u00a0\u00a0 Magdalena Falkowska-Kleszcz, sala 1b<\/p>\n<p style=\"padding-left: 40px;\">klasa\u00a0\u00a0\u00a0\u00a0\u00a0 3 C\u00a0\u00a0\u00a0\u00a0\u00a0\u00a0\u00a0\u00a0\u00a0\u00a0\u00a0\u00a0\u00a0\u00a0\u00a0\u00a0\u00a0\u00a0\u00a0\u00a0\u00a0\u00a0\u00a0 Anna Cembrowska, sala 31<\/p>\n<p style=\"padding-left: 40px;\">klasa\u00a0\u00a0\u00a0\u00a0\u00a0 3 D\u00a0\u00a0\u00a0\u00a0\u00a0\u00a0\u00a0\u00a0\u00a0\u00a0\u00a0\u00a0\u00a0\u00a0\u00a0\u00a0\u00a0\u00a0\u00a0\u00a0\u00a0\u00a0 Anna Kokot, sala 1c<\/p>\n<p style=\"padding-left: 40px;\">klasa\u00a0\u00a0\u00a0\u00a0\u00a0 4 A\u00a0\u00a0\u00a0\u00a0\u00a0\u00a0\u00a0\u00a0\u00a0\u00a0\u00a0\u00a0\u00a0\u00a0\u00a0\u00a0\u00a0\u00a0\u00a0\u00a0\u00a0\u00a0\u00a0 Piotr Kula, sala 10<\/p>\n<p style=\"padding-left: 40px;\">klasa\u00a0\u00a0\u00a0\u00a0\u00a0 4 B1\u00a0\u00a0\u00a0\u00a0\u00a0\u00a0\u00a0\u00a0\u00a0\u00a0\u00a0\u00a0\u00a0\u00a0\u00a0\u00a0\u00a0\u00a0\u00a0\u00a0 Dorota Krzysztofik, sala 102<\/p>\n<p style=\"padding-left: 40px;\">klasa\u00a0\u00a0\u00a0\u00a0\u00a0 4 B2\u00a0\u00a0\u00a0\u00a0\u00a0\u00a0\u00a0\u00a0\u00a0\u00a0\u00a0\u00a0\u00a0\u00a0\u00a0\u00a0\u00a0\u00a0\u00a0\u00a0 Anna Roman, sala 20<\/p>\n<p style=\"padding-left: 40px;\">klasa\u00a0\u00a0\u00a0\u00a0\u00a0 4 C\u00a0\u00a0\u00a0\u00a0\u00a0\u00a0\u00a0\u00a0\u00a0\u00a0\u00a0\u00a0\u00a0\u00a0\u00a0\u00a0\u00a0\u00a0\u00a0\u00a0\u00a0\u00a0\u00a0 Marek P\u0142atkowski, sala 5<\/p>\n<p style=\"padding-left: 40px;\"><strong>Uczniowie klas I przyst\u0105pi\u0105 w tym dniu do diagnoz z j\u0119zyk\u00f3w obcych.<\/strong><\/p>\n<p style=\"padding-left: 40px;\">Dnia 2 wrze\u015bnia 2024 r. odb\u0119d\u0105 si\u0119 r\u00f3wnie\u017c\u00a0<strong>Zebrania z rodzicami uczni\u00f3w klas I<\/strong>:<\/p>\n<ul>\n<li style=\"list-style-type: none;\">\n<ul>\n<li>17.00 ? spotkanie og\u00f3lne na sali gimnastycznej, a\u00a0potem spotkanie z\u00a0wychowawcami w salach lekcyjnych<\/li>\n<\/ul>\n<\/li>\n<\/ul>\n","protected":false},"excerpt":{"rendered":"<p>Uroczysta inauguracja roku szkolnego 2024\/2025 &#8211; odb\u0119dzie si\u0119 2 wrze\u015bnia o godz. 8.30 na dziedzi\u0144cu przy sali gimnastycznej (przy ul. Jagiello\u0144skiej 61). Po cz\u0119\u015bci oficjalnej zapraszamy na spotkania uczni\u00f3w z wychowawcami zgodnie z harmonogramem: klasa\u00a0\u00a0\u00a0\u00a0\u00a0 1 B1\u00a0\u00a0\u00a0\u00a0\u00a0\u00a0\u00a0\u00a0\u00a0\u00a0\u00a0\u00a0\u00a0\u00a0\u00a0\u00a0\u00a0\u00a0\u00a0\u00a0 Agnieszka Andrzejuk, sala 3 klasa\u00a0\u00a0\u00a0\u00a0\u00a0 1 B2\u00a0\u00a0\u00a0\u00a0\u00a0\u00a0\u00a0\u00a0\u00a0\u00a0\u00a0\u00a0\u00a0\u00a0\u00a0\u00a0\u00a0\u00a0\u00a0\u00a0 Beata Przybylska-Jankowska, sala 21 klasa\u00a0\u00a0\u00a0\u00a0\u00a0 1 C\u00a0\u00a0\u00a0\u00a0\u00a0\u00a0\u00a0\u00a0\u00a0\u00a0\u00a0\u00a0\u00a0\u00a0\u00a0\u00a0\u00a0\u00a0\u00a0\u00a0\u00a0\u00a0\u00a0 Katarzyna Kochma\u0144ska, sala 24&#8230;<\/p>\n","protected":false},"author":4,"featured_media":6817,"comment_status":"closed","ping_status":"closed","sticky":false,"template":"","format":"standard","meta":{"_acf_changed":false,"_s2mail":"","footnotes":""},"categories":[1],"tags":[],"class_list":["post-12514","post","type-post","status-publish","format-standard","has-post-thumbnail","hentry","category-bez-kategorii"],"acf":[],"_links":{"self":[{"href":"https:\/\/lo6.szczecin.pl\/index.php\/wp-json\/wp\/v2\/posts\/12514","targetHints":{"allow":["GET"]}}],"collection":[{"href":"https:\/\/lo6.szczecin.pl\/index.php\/wp-json\/wp\/v2\/posts"}],"about":[{"href":"https:\/\/lo6.szczecin.pl\/index.php\/wp-json\/wp\/v2\/types\/post"}],"author":[{"embeddable":true,"href":"https:\/\/lo6.szczecin.pl\/index.php\/wp-json\/wp\/v2\/users\/4"}],"replies":[{"embeddable":true,"href":"https:\/\/lo6.szczecin.pl\/index.php\/wp-json\/wp\/v2\/comments?post=12514"}],"version-history":[{"count":3,"href":"https:\/\/lo6.szczecin.pl\/index.php\/wp-json\/wp\/v2\/posts\/12514\/revisions"}],"predecessor-version":[{"id":12521,"href":"https:\/\/lo6.szczecin.pl\/index.php\/wp-json\/wp\/v2\/posts\/12514\/revisions\/12521"}],"wp:featuredmedia":[{"embeddable":true,"href":"https:\/\/lo6.szczecin.pl\/index.php\/wp-json\/wp\/v2\/media\/6817"}],"wp:attachment":[{"href":"https:\/\/lo6.szczecin.pl\/index.php\/wp-json\/wp\/v2\/media?parent=12514"}],"wp:term":[{"taxonomy":"category","embeddable":true,"href":"https:\/\/lo6.szczecin.pl\/index.php\/wp-json\/wp\/v2\/categories?post=12514"},{"taxonomy":"post_tag","embeddable":true,"href":"https:\/\/lo6.szczecin.pl\/index.php\/wp-json\/wp\/v2\/tags?post=12514"}],"curies":[{"name":"wp","href":"https:\/\/api.w.org\/{rel}","templated":true}]}}