{"id":12490,"date":"2024-07-02T10:13:45","date_gmt":"2024-07-02T08:13:45","guid":{"rendered":"https:\/\/lo6.szczecin.pl\/?p=12490"},"modified":"2024-07-02T10:17:05","modified_gmt":"2024-07-02T08:17:05","slug":"rozdanie-swiadectw-maturalnych","status":"publish","type":"post","link":"https:\/\/lo6.szczecin.pl\/index.php\/2024\/07\/02\/rozdanie-swiadectw-maturalnych\/","title":{"rendered":"Rozdanie \u015bwiadectw maturalnych"},"content":{"rendered":"<p style=\"padding-left: 40px;\"><strong>Rozdanie \u015bwiadectw maturalnych tegorocznym absolwentom, odb\u0119dzie si\u0119 dnia 9 lipca 2024 r.\u00a0 w godzinach 9.30-10.30<\/strong>:<\/p>\n<p style=\"padding-left: 40px;\">klasa 4A &#8211; p. Edyta Borysiak, sala 6<\/p>\n<p style=\"padding-left: 40px;\">klasa 4B &#8211; p. Marzena Skrzy\u0144ska, sala 2<\/p>\n<p style=\"padding-left: 40px;\">klasa 4C &#8211; p. Magdalena Bohonos, sala 24<\/p>\n<p style=\"padding-left: 40px;\">W sekretariacie szko\u0142y b\u0119d\u0105 wydawane <strong>wy\u0142\u0105cznie<\/strong> \u015bwiadectwa dojrza\u0142o\u015bci <strong>absolwentom z lat ubieg\u0142ych<\/strong> w godz. 11.00-14.00.<\/p>\n","protected":false},"excerpt":{"rendered":"<p>Rozdanie \u015bwiadectw maturalnych tegorocznym absolwentom, odb\u0119dzie si\u0119 dnia 9 lipca 2024 r.\u00a0 w godzinach 9.30-10.30: klasa 4A &#8211; p. Edyta Borysiak, sala 6 klasa 4B &#8211; p. Marzena Skrzy\u0144ska, sala 2 klasa 4C &#8211; p. Magdalena Bohonos, sala 24 W sekretariacie szko\u0142y b\u0119d\u0105 wydawane wy\u0142\u0105cznie \u015bwiadectwa dojrza\u0142o\u015bci absolwentom z lat ubieg\u0142ych w godz. 11.00-14.00.<\/p>\n","protected":false},"author":4,"featured_media":8905,"comment_status":"closed","ping_status":"closed","sticky":false,"template":"","format":"gallery","meta":{"_acf_changed":false,"_s2mail":"","footnotes":""},"categories":[1],"tags":[],"class_list":["post-12490","post","type-post","status-publish","format-gallery","has-post-thumbnail","hentry","category-bez-kategorii","post_format-post-format-gallery"],"acf":[],"_links":{"self":[{"href":"https:\/\/lo6.szczecin.pl\/index.php\/wp-json\/wp\/v2\/posts\/12490","targetHints":{"allow":["GET"]}}],"collection":[{"href":"https:\/\/lo6.szczecin.pl\/index.php\/wp-json\/wp\/v2\/posts"}],"about":[{"href":"https:\/\/lo6.szczecin.pl\/index.php\/wp-json\/wp\/v2\/types\/post"}],"author":[{"embeddable":true,"href":"https:\/\/lo6.szczecin.pl\/index.php\/wp-json\/wp\/v2\/users\/4"}],"replies":[{"embeddable":true,"href":"https:\/\/lo6.szczecin.pl\/index.php\/wp-json\/wp\/v2\/comments?post=12490"}],"version-history":[{"count":2,"href":"https:\/\/lo6.szczecin.pl\/index.php\/wp-json\/wp\/v2\/posts\/12490\/revisions"}],"predecessor-version":[{"id":12493,"href":"https:\/\/lo6.szczecin.pl\/index.php\/wp-json\/wp\/v2\/posts\/12490\/revisions\/12493"}],"wp:featuredmedia":[{"embeddable":true,"href":"https:\/\/lo6.szczecin.pl\/index.php\/wp-json\/wp\/v2\/media\/8905"}],"wp:attachment":[{"href":"https:\/\/lo6.szczecin.pl\/index.php\/wp-json\/wp\/v2\/media?parent=12490"}],"wp:term":[{"taxonomy":"category","embeddable":true,"href":"https:\/\/lo6.szczecin.pl\/index.php\/wp-json\/wp\/v2\/categories?post=12490"},{"taxonomy":"post_tag","embeddable":true,"href":"https:\/\/lo6.szczecin.pl\/index.php\/wp-json\/wp\/v2\/tags?post=12490"}],"curies":[{"name":"wp","href":"https:\/\/api.w.org\/{rel}","templated":true}]}}