{"id":12464,"date":"2024-06-24T15:05:07","date_gmt":"2024-06-24T13:05:07","guid":{"rendered":"https:\/\/lo6.szczecin.pl\/?p=12464"},"modified":"2024-08-08T12:16:03","modified_gmt":"2024-08-08T10:16:03","slug":"egzaminy-poprawkowe-sierpien-2024","status":"publish","type":"post","link":"https:\/\/lo6.szczecin.pl\/index.php\/2024\/06\/24\/egzaminy-poprawkowe-sierpien-2024\/","title":{"rendered":"Egzaminy poprawkowe &#8211; sierpie\u0144 2024"},"content":{"rendered":"<p style=\"padding-left: 80px;\">Harmonogram egzamin\u00f3w poprawkowych dla uczni\u00f3w klas I &#8211; III w roku szkolnym 2023\/2024:<\/p>\n<p style=\"padding-left: 40px;\">26 sierpnia 2024 r. (poniedzia\u0142ek): godz. 9.30 &#8211; 11.00 &#8211; konsultacje z nauczycielami,<\/p>\n<p style=\"padding-left: 40px;\">27 sierpnia 2024 r. (wtorek):<br \/>\ngodz. 9.00 &#8211; pisemny egzamin poprawkowy z matematyki i j\u0119zyka niemieckiego oraz r\u00f3\u017cnice programowe dla uczni\u00f3w, kt\u00f3rzy z\u0142o\u017cyli pro\u015bby o zmian\u0119 specjalno\u015bci w klasie,<br \/>\ngodz. 11.00 &#8211; ustne egzaminy poprawkowe z matematyki i j\u0119zyka niemieckiego oraz r\u00f3\u017cnice programowe,<\/p>\n<p style=\"padding-left: 40px;\">28 sierpnia 2024 r. (\u015broda):<br \/>\ngodz. 9.00 &#8211; pisemny egzamin poprawkowy z j\u0119zyka polskiego i chemii oraz r\u00f3\u017cnice programowe dla uczni\u00f3w, kt\u00f3rzy z\u0142o\u017cyli pro\u015bby o zmian\u0119 specjalno\u015bci w klasie,<br \/>\ngodz. 11.00 &#8211; ustne egzaminy poprawkowe z j\u0119zyka polskiego i chemii oraz r\u00f3\u017cnice programowe.<\/p>\n<p style=\"padding-left: 40px;\">Zagadnienia na egzamin poprawkowy nale\u017cy wzi\u0105\u0107 od ucz\u0105cych nauczycieli.<\/p>\n<p style=\"padding-left: 40px;\">Uczniowie powinni przyj\u015b\u0107 do szko\u0142y na p\u00f3\u0142 godziny przed egzaminem.<\/p>\n<p style=\"padding-left: 40px;\">Zasady egzamin\u00f3w poprawkowych opisane s\u0105 w Statucie Szko\u0142y.<\/p>\n","protected":false},"excerpt":{"rendered":"<p>Harmonogram egzamin\u00f3w poprawkowych dla uczni\u00f3w klas I &#8211; III w roku szkolnym 2023\/2024: 26 sierpnia 2024 r. (poniedzia\u0142ek): godz. 9.30 &#8211; 11.00 &#8211; konsultacje z nauczycielami, 27 sierpnia 2024 r. (wtorek): godz. 9.00 &#8211; pisemny egzamin poprawkowy z matematyki i j\u0119zyka niemieckiego oraz r\u00f3\u017cnice programowe dla uczni\u00f3w, kt\u00f3rzy z\u0142o\u017cyli pro\u015bby o zmian\u0119 specjalno\u015bci w klasie,&#8230;<\/p>\n","protected":false},"author":4,"featured_media":8905,"comment_status":"closed","ping_status":"closed","sticky":false,"template":"","format":"gallery","meta":{"_acf_changed":false,"_s2mail":"","footnotes":""},"categories":[1],"tags":[],"class_list":["post-12464","post","type-post","status-publish","format-gallery","has-post-thumbnail","hentry","category-bez-kategorii","post_format-post-format-gallery"],"acf":[],"_links":{"self":[{"href":"https:\/\/lo6.szczecin.pl\/index.php\/wp-json\/wp\/v2\/posts\/12464","targetHints":{"allow":["GET"]}}],"collection":[{"href":"https:\/\/lo6.szczecin.pl\/index.php\/wp-json\/wp\/v2\/posts"}],"about":[{"href":"https:\/\/lo6.szczecin.pl\/index.php\/wp-json\/wp\/v2\/types\/post"}],"author":[{"embeddable":true,"href":"https:\/\/lo6.szczecin.pl\/index.php\/wp-json\/wp\/v2\/users\/4"}],"replies":[{"embeddable":true,"href":"https:\/\/lo6.szczecin.pl\/index.php\/wp-json\/wp\/v2\/comments?post=12464"}],"version-history":[{"count":3,"href":"https:\/\/lo6.szczecin.pl\/index.php\/wp-json\/wp\/v2\/posts\/12464\/revisions"}],"predecessor-version":[{"id":12506,"href":"https:\/\/lo6.szczecin.pl\/index.php\/wp-json\/wp\/v2\/posts\/12464\/revisions\/12506"}],"wp:featuredmedia":[{"embeddable":true,"href":"https:\/\/lo6.szczecin.pl\/index.php\/wp-json\/wp\/v2\/media\/8905"}],"wp:attachment":[{"href":"https:\/\/lo6.szczecin.pl\/index.php\/wp-json\/wp\/v2\/media?parent=12464"}],"wp:term":[{"taxonomy":"category","embeddable":true,"href":"https:\/\/lo6.szczecin.pl\/index.php\/wp-json\/wp\/v2\/categories?post=12464"},{"taxonomy":"post_tag","embeddable":true,"href":"https:\/\/lo6.szczecin.pl\/index.php\/wp-json\/wp\/v2\/tags?post=12464"}],"curies":[{"name":"wp","href":"https:\/\/api.w.org\/{rel}","templated":true}]}}