{"id":12441,"date":"2024-06-14T10:30:37","date_gmt":"2024-06-14T08:30:37","guid":{"rendered":"https:\/\/lo6.szczecin.pl\/?p=12441"},"modified":"2024-06-14T13:47:04","modified_gmt":"2024-06-14T11:47:04","slug":"zakonczenie-roku-szkolnego-2023-2024","status":"publish","type":"post","link":"https:\/\/lo6.szczecin.pl\/index.php\/2024\/06\/14\/zakonczenie-roku-szkolnego-2023-2024\/","title":{"rendered":"Zako\u0144czenie roku szkolnego 2023\/2024"},"content":{"rendered":"<p style=\"padding-left: 40px;\">Dnia 21 czerwca 2024 r. o godzinie 8.30 odb\u0119dzie si\u0119 uroczyste zako\u0144czenie zaj\u0119\u0107 edukacyjnych w roku szkolnym 2023\/2024 dla uczni\u00f3w kl. I, II i III.<\/p>\n<p style=\"padding-left: 40px;\">Uroczysto\u015b\u0107 odb\u0119dzie si\u0119 na dziedzi\u0144cu przy sali gimnastycznej.<\/p>\n","protected":false},"excerpt":{"rendered":"<p>Dnia 21 czerwca 2024 r. o godzinie 8.30 odb\u0119dzie si\u0119 uroczyste zako\u0144czenie zaj\u0119\u0107 edukacyjnych w roku szkolnym 2023\/2024 dla uczni\u00f3w kl. I, II i III. Uroczysto\u015b\u0107 odb\u0119dzie si\u0119 na dziedzi\u0144cu przy sali gimnastycznej.<\/p>\n","protected":false},"author":4,"featured_media":12442,"comment_status":"closed","ping_status":"closed","sticky":false,"template":"","format":"gallery","meta":{"_acf_changed":false,"_s2mail":"","footnotes":""},"categories":[1],"tags":[],"class_list":["post-12441","post","type-post","status-publish","format-gallery","has-post-thumbnail","hentry","category-bez-kategorii","post_format-post-format-gallery"],"acf":[],"_links":{"self":[{"href":"https:\/\/lo6.szczecin.pl\/index.php\/wp-json\/wp\/v2\/posts\/12441","targetHints":{"allow":["GET"]}}],"collection":[{"href":"https:\/\/lo6.szczecin.pl\/index.php\/wp-json\/wp\/v2\/posts"}],"about":[{"href":"https:\/\/lo6.szczecin.pl\/index.php\/wp-json\/wp\/v2\/types\/post"}],"author":[{"embeddable":true,"href":"https:\/\/lo6.szczecin.pl\/index.php\/wp-json\/wp\/v2\/users\/4"}],"replies":[{"embeddable":true,"href":"https:\/\/lo6.szczecin.pl\/index.php\/wp-json\/wp\/v2\/comments?post=12441"}],"version-history":[{"count":1,"href":"https:\/\/lo6.szczecin.pl\/index.php\/wp-json\/wp\/v2\/posts\/12441\/revisions"}],"predecessor-version":[{"id":12443,"href":"https:\/\/lo6.szczecin.pl\/index.php\/wp-json\/wp\/v2\/posts\/12441\/revisions\/12443"}],"wp:featuredmedia":[{"embeddable":true,"href":"https:\/\/lo6.szczecin.pl\/index.php\/wp-json\/wp\/v2\/media\/12442"}],"wp:attachment":[{"href":"https:\/\/lo6.szczecin.pl\/index.php\/wp-json\/wp\/v2\/media?parent=12441"}],"wp:term":[{"taxonomy":"category","embeddable":true,"href":"https:\/\/lo6.szczecin.pl\/index.php\/wp-json\/wp\/v2\/categories?post=12441"},{"taxonomy":"post_tag","embeddable":true,"href":"https:\/\/lo6.szczecin.pl\/index.php\/wp-json\/wp\/v2\/tags?post=12441"}],"curies":[{"name":"wp","href":"https:\/\/api.w.org\/{rel}","templated":true}]}}