{"id":12433,"date":"2024-09-04T11:12:57","date_gmt":"2024-09-04T09:12:57","guid":{"rendered":"https:\/\/lo6.szczecin.pl\/?p=12433"},"modified":"2024-09-04T15:02:45","modified_gmt":"2024-09-04T13:02:45","slug":"jubileusz-75-lecia","status":"publish","type":"post","link":"https:\/\/lo6.szczecin.pl\/index.php\/2024\/09\/04\/jubileusz-75-lecia\/","title":{"rendered":"Jubileusz 75-lecia"},"content":{"rendered":"<p style=\"text-align: right;\"><em>Wspomnienia s\u0105 jak per\u0142y: maj\u0105 w sobie co\u015b z klejnot\u00f3w i co\u015b z \u0142ez.<\/em><\/p>\n<p>&nbsp;<\/p>\n<p style=\"text-align: center;\"><span style=\"font-size: 14pt;\"><strong>Kochani Absolwenci i Przyjaciele <em>Sz\u00f3stki<\/em>!<\/strong><\/span><\/p>\n<p style=\"padding-left: 40px;\">Zbli\u017ca si\u0119 75-lecie VI LO, zgodnie z wcze\u015bniejszymi zapowiedziami jeste\u015bmy w trakcie tworzenia Z\u0142otej Setki VI LO, dokumentu upami\u0119tniaj\u0105cego 100 niezwyk\u0142ych osobowo\u015bci <em>Sz\u00f3stki<\/em>. Liczymy na Wasz\u0105 pomoc. Przesy\u0142ajcie swoje propozycje, zdj\u0119cia i wspomnienia na adres <u>bjankowska@lo6.szczecin.pl<\/u> lub kontaktujcie si\u0119 z nami telefonicznie (91-484-60-88), a\u00a0my wy\u015blemy redaktor\u00f3w naszej gazety, by spisali Wasze wspomnienia.<\/p>\n<p style=\"text-align: center; padding-left: 40px;\"><span style=\"font-size: 14pt;\"><strong>Uroczysto\u015bci zwi\u0105zane z 75-leciem szko\u0142y b\u0119d\u0105 odbywa\u0107 si\u0119 27 i 28 wrze\u015bnia 2024 roku.<\/strong><\/span><\/p>\n<p>&nbsp;<\/p>\n<p style=\"text-align: center; padding-left: 40px;\"><strong><span style=\"color: #800000;\">Program uroczysto\u015bci zwi\u0105zanych z\u00a0 75-leciem Szko\u0142y<\/span> <\/strong><\/p>\n<p style=\"text-align: center; padding-left: 40px;\"><strong><u>Pi\u0105tek, 27 wrze\u015bnia 2024 r.:<\/u><\/strong><\/p>\n<p style=\"text-align: center; padding-left: 40px;\"><strong>9.00\u00a0 Msza \u015awi\u0119ta<\/strong><\/p>\n<p style=\"text-align: center; padding-left: 40px;\">Ko\u015bci\u00f3\u0142 pw. \u015bw. Andrzeja Boboli, ul. Pocztowa 22 w Szczecinie<\/p>\n<p style=\"text-align: center; padding-left: 40px;\"><strong>11.00 Gala Jubileuszowa<\/strong><\/p>\n<p style=\"text-align: center; padding-left: 40px;\">Dom Kultury S\u0142owianin, ul. J\u00f3zefa Korzeniowskiego 2 w Szczecinie<\/p>\n<p style=\"text-align: center; padding-left: 40px;\"><strong>16.00 &#8211; 20.00\u00a0 Spotkania Absolwent\u00f3w <em>Sz\u00f3stki<\/em> w klasach<\/strong><\/p>\n<p style=\"text-align: center; padding-left: 40px;\">VI LO, ul. Jagiello\u0144ska 41 w Szczecinie<\/p>\n<p style=\"text-align: center; padding-left: 40px;\">(\u0141\u0105czny koszt 60 z\u0142)<\/p>\n<div class=\"ui-dialog-content ui-widget-content\" style=\"text-align: center; padding-left: 40px;\"><\/div>\n<p style=\"text-align: center; padding-left: 40px;\"><strong><u>Sobota, 28 wrze\u015bnia 2024 r.:<\/u><\/strong><\/p>\n<p style=\"text-align: center; padding-left: 40px;\"><strong>8.00<em> Pami\u0119ci Tych, kt\u00f3rzy odeszli &#8230;<br \/>\n<\/em><\/strong><\/p>\n<p style=\"text-align: center; padding-left: 40px;\">Odwiedzanie mogi\u0142 Profesor\u00f3w i Pracownik\u00f3w VI LO na Cmentarzy Centralnym w\u00a0Szczecinie, ul. Ku S\u0142o\u0144cu 125 A<\/p>\n<p style=\"text-align: center; padding-left: 40px;\"><strong>10.00 &#8211; 13.00 Jubileusz 75-lecia na sportowo<\/strong><\/p>\n<p style=\"text-align: center; padding-left: 40px;\">Rozgrywki rekreacyjno-sportowe na boisku przy VI LO<\/p>\n<p style=\"text-align: center; padding-left: 40px;\"><strong>godz. 19.00\u00a0 Bal Jubileuszowy<\/strong><\/p>\n<p style=\"text-align: center; padding-left: 40px;\">Willa West Ende, Aleja Wojska Polskiego 65 w Szczecin<\/p>\n<p style=\"text-align: center; padding-left: 40px;\">Koszt oko\u0142o 250 z\u0142 (bal b\u0119dzie zorganizowany je\u015bli liczba ch\u0119tnych wyniesie 100 os\u00f3b)<\/p>\n<p style=\"padding-left: 80px; text-align: center;\"><span style=\"font-size: 14pt;\"><strong><a href=\"https:\/\/forms.gle\/m7M6UzcL2SyRcBDU9\">Formularz zg\u0142aszania udzia\u0142u w uroczysto\u015bciach<\/a>.<\/strong><\/span><\/p>\n<p style=\"text-align: center; padding-left: 40px;\"><a href=\"https:\/\/lo6.szczecin.pl\/wp-content\/uploads\/2024\/06\/Udzial-w-75.docx\">Formularz w wersji do druku i dostarczenia do szko\u0142y.<\/a><\/p>\n<p style=\"padding-left: 80px;\">Wp\u0142aty dotycz\u0105ce udzia\u0142u w uroczysto\u015bciach jubileuszowych powinny zosta\u0107 dokonane do dnia 30.08.2024 r. na konto Rady Rodzic\u00f3w:<\/p>\n<p style=\"padding-left: 80px;\"><strong>Rada Rodzic\u00f3w przy VI LO PKO SA IIO\/ Szczecin<\/strong><\/p>\n<p style=\"padding-left: 80px;\"><strong>BANK PKO S.A. numer konta 80 1240 3927 1111 0010 5556 6802<\/strong><\/p>\n<p style=\"padding-left: 80px;\"><strong>(na przelewie nale\u017cy poda\u0107 w tytule przelewu: Jubileusz oraz swoje imi\u0119 i nazwisko)<\/strong><\/p>\n<p style=\"padding-left: 40px;\">\n","protected":false},"excerpt":{"rendered":"<p>Wspomnienia s\u0105 jak per\u0142y: maj\u0105 w sobie co\u015b z klejnot\u00f3w i co\u015b z \u0142ez. &nbsp; Kochani Absolwenci i Przyjaciele Sz\u00f3stki! Zbli\u017ca si\u0119 75-lecie VI LO, zgodnie z wcze\u015bniejszymi zapowiedziami jeste\u015bmy w trakcie tworzenia Z\u0142otej Setki VI LO, dokumentu upami\u0119tniaj\u0105cego 100 niezwyk\u0142ych osobowo\u015bci Sz\u00f3stki. Liczymy na Wasz\u0105 pomoc. Przesy\u0142ajcie swoje propozycje, zdj\u0119cia i wspomnienia na adres&#8230;<\/p>\n","protected":false},"author":4,"featured_media":12434,"comment_status":"closed","ping_status":"closed","sticky":false,"template":"","format":"gallery","meta":{"_acf_changed":false,"_s2mail":"","footnotes":""},"categories":[365],"tags":[],"class_list":["post-12433","post","type-post","status-publish","format-gallery","has-post-thumbnail","hentry","category-galeria","post_format-post-format-gallery"],"acf":[],"_links":{"self":[{"href":"https:\/\/lo6.szczecin.pl\/index.php\/wp-json\/wp\/v2\/posts\/12433","targetHints":{"allow":["GET"]}}],"collection":[{"href":"https:\/\/lo6.szczecin.pl\/index.php\/wp-json\/wp\/v2\/posts"}],"about":[{"href":"https:\/\/lo6.szczecin.pl\/index.php\/wp-json\/wp\/v2\/types\/post"}],"author":[{"embeddable":true,"href":"https:\/\/lo6.szczecin.pl\/index.php\/wp-json\/wp\/v2\/users\/4"}],"replies":[{"embeddable":true,"href":"https:\/\/lo6.szczecin.pl\/index.php\/wp-json\/wp\/v2\/comments?post=12433"}],"version-history":[{"count":8,"href":"https:\/\/lo6.szczecin.pl\/index.php\/wp-json\/wp\/v2\/posts\/12433\/revisions"}],"predecessor-version":[{"id":12549,"href":"https:\/\/lo6.szczecin.pl\/index.php\/wp-json\/wp\/v2\/posts\/12433\/revisions\/12549"}],"wp:featuredmedia":[{"embeddable":true,"href":"https:\/\/lo6.szczecin.pl\/index.php\/wp-json\/wp\/v2\/media\/12434"}],"wp:attachment":[{"href":"https:\/\/lo6.szczecin.pl\/index.php\/wp-json\/wp\/v2\/media?parent=12433"}],"wp:term":[{"taxonomy":"category","embeddable":true,"href":"https:\/\/lo6.szczecin.pl\/index.php\/wp-json\/wp\/v2\/categories?post=12433"},{"taxonomy":"post_tag","embeddable":true,"href":"https:\/\/lo6.szczecin.pl\/index.php\/wp-json\/wp\/v2\/tags?post=12433"}],"curies":[{"name":"wp","href":"https:\/\/api.w.org\/{rel}","templated":true}]}}