{"id":12428,"date":"2024-06-13T12:12:31","date_gmt":"2024-06-13T10:12:31","guid":{"rendered":"https:\/\/lo6.szczecin.pl\/?p=12428"},"modified":"2024-06-13T12:12:31","modified_gmt":"2024-06-13T10:12:31","slug":"vi-lo-zlota-szkola-nbp","status":"publish","type":"post","link":"https:\/\/lo6.szczecin.pl\/index.php\/2024\/06\/13\/vi-lo-zlota-szkola-nbp\/","title":{"rendered":"VI LO Z\u0142ot\u0105 Szko\u0142\u0105 NBP"},"content":{"rendered":"<p style=\"padding-left: 40px;\"><span class=\"ui-provider ke bjy bbz bjz bka bkb bkc bkd bke bkf bkg bkh bki bkj bkk bkl bkm bkn bko bkp bkq bkr bks bkt bku bkv bkw bkx bky bkz bla blb blc bld ble\" dir=\"ltr\">Sukces! ?<\/p>\n<p>Dzi\u0119ki zaanga\u017cowaniu naszych uczni\u00f3w, VI LO w Szczecinie otrzyma\u0142o presti\u017cowy tytu\u0142 Z\u0142otej Szko\u0142y Narodowego Banku Polskiego???<\/p>\n<p>?????? Opiekunami projektu byli prof. Wioletta Myszczyszyn oraz prof. Dariusz Oko\u0144.<\/p>\n<p>?? ?Z\u0142ote Szko\u0142y NBP to og\u00f3lnopolski program edukacyjny skierowany do \u015brodowisk szkolnych. Ide\u0105 programu jest przygotowanie dzieci i m\u0142odzie\u017cy do bezpiecznego i swobodnego poruszania si\u0119 po \u015bwiecie finans\u00f3w?.<br \/>\nWi\u0119cej na stronie <a class=\"fui-Link ___1rxvrpe f2hkw1w f3rmtva f1ewtqcl fyind8e f1k6fduh f1w7gpdv fk6fouc fjoy568 figsok6 f1hu3pq6 f11qmguv f19f4twv f1tyq0we f1g0x7ka fhxju0i f1qch9an f1cnd47f fqv5qza f1vmzxwi f1o700av f13mvf36 f1cmlufx f9n3di6 f1ids18y f1tx3yz7 f1deo86v f1eh06m1 f1iescvh fhgqx19 f1olyrje f1p93eir f1nev41a f1h8hb77 f1lqvz6u f10aw75t fsle3fq f17ae5zn\" title=\"https:\/\/nbp.pl\/edukacja\/zlote-szkoly-nbp\/\" href=\"https:\/\/nbp.pl\/edukacja\/zlote-szkoly-nbp\/\" target=\"_blank\" rel=\"noreferrer noopener\" aria-label=\"Link Z\u0142ote Szko\u0142y NBP\"><u>Z\u0142ote Szko\u0142y NBP<\/u><\/a> ?<\/p>\n<p>Gratulujemy i \u017cyczymy dalszych sukces\u00f3w! ?<\/span><\/p>\n<p><img loading=\"lazy\" decoding=\"async\" class=\"aligncenter wp-image-12429 size-medium\" src=\"https:\/\/lo6.szczecin.pl\/wp-content\/uploads\/2024\/06\/Image-300x300.png\" alt=\"\" width=\"300\" height=\"300\" srcset=\"https:\/\/lo6.szczecin.pl\/wp-content\/uploads\/2024\/06\/Image-300x300.png 300w, https:\/\/lo6.szczecin.pl\/wp-content\/uploads\/2024\/06\/Image-1024x1024.png 1024w, https:\/\/lo6.szczecin.pl\/wp-content\/uploads\/2024\/06\/Image-150x150.png 150w, https:\/\/lo6.szczecin.pl\/wp-content\/uploads\/2024\/06\/Image-768x768.png 768w, https:\/\/lo6.szczecin.pl\/wp-content\/uploads\/2024\/06\/Image-1536x1536.png 1536w, https:\/\/lo6.szczecin.pl\/wp-content\/uploads\/2024\/06\/Image-2048x2048.png 2048w\" sizes=\"auto, (max-width: 300px) 100vw, 300px\" \/><\/p>\n","protected":false},"excerpt":{"rendered":"<p>Sukces! ? Dzi\u0119ki zaanga\u017cowaniu naszych uczni\u00f3w, VI LO w Szczecinie otrzyma\u0142o presti\u017cowy tytu\u0142 Z\u0142otej Szko\u0142y Narodowego Banku Polskiego??? ?????? Opiekunami projektu byli prof. Wioletta Myszczyszyn oraz prof. Dariusz Oko\u0144. ?? ?Z\u0142ote Szko\u0142y NBP to og\u00f3lnopolski program edukacyjny skierowany do \u015brodowisk szkolnych. Ide\u0105 programu jest przygotowanie dzieci i m\u0142odzie\u017cy do bezpiecznego i swobodnego poruszania si\u0119 po&#8230;<\/p>\n","protected":false},"author":4,"featured_media":12429,"comment_status":"closed","ping_status":"closed","sticky":false,"template":"","format":"gallery","meta":{"_acf_changed":false,"_s2mail":"","footnotes":""},"categories":[1],"tags":[],"class_list":["post-12428","post","type-post","status-publish","format-gallery","has-post-thumbnail","hentry","category-bez-kategorii","post_format-post-format-gallery"],"acf":[],"_links":{"self":[{"href":"https:\/\/lo6.szczecin.pl\/index.php\/wp-json\/wp\/v2\/posts\/12428","targetHints":{"allow":["GET"]}}],"collection":[{"href":"https:\/\/lo6.szczecin.pl\/index.php\/wp-json\/wp\/v2\/posts"}],"about":[{"href":"https:\/\/lo6.szczecin.pl\/index.php\/wp-json\/wp\/v2\/types\/post"}],"author":[{"embeddable":true,"href":"https:\/\/lo6.szczecin.pl\/index.php\/wp-json\/wp\/v2\/users\/4"}],"replies":[{"embeddable":true,"href":"https:\/\/lo6.szczecin.pl\/index.php\/wp-json\/wp\/v2\/comments?post=12428"}],"version-history":[{"count":1,"href":"https:\/\/lo6.szczecin.pl\/index.php\/wp-json\/wp\/v2\/posts\/12428\/revisions"}],"predecessor-version":[{"id":12430,"href":"https:\/\/lo6.szczecin.pl\/index.php\/wp-json\/wp\/v2\/posts\/12428\/revisions\/12430"}],"wp:featuredmedia":[{"embeddable":true,"href":"https:\/\/lo6.szczecin.pl\/index.php\/wp-json\/wp\/v2\/media\/12429"}],"wp:attachment":[{"href":"https:\/\/lo6.szczecin.pl\/index.php\/wp-json\/wp\/v2\/media?parent=12428"}],"wp:term":[{"taxonomy":"category","embeddable":true,"href":"https:\/\/lo6.szczecin.pl\/index.php\/wp-json\/wp\/v2\/categories?post=12428"},{"taxonomy":"post_tag","embeddable":true,"href":"https:\/\/lo6.szczecin.pl\/index.php\/wp-json\/wp\/v2\/tags?post=12428"}],"curies":[{"name":"wp","href":"https:\/\/api.w.org\/{rel}","templated":true}]}}