{"id":12415,"date":"2024-06-07T14:18:46","date_gmt":"2024-06-07T12:18:46","guid":{"rendered":"https:\/\/lo6.szczecin.pl\/?p=12415"},"modified":"2024-06-13T09:25:47","modified_gmt":"2024-06-13T07:25:47","slug":"e-legitymacje","status":"publish","type":"post","link":"https:\/\/lo6.szczecin.pl\/index.php\/2024\/06\/07\/e-legitymacje\/","title":{"rendered":"e-legitymacje"},"content":{"rendered":"<p style=\"padding-left: 40px;\"><em>Szanowni Rodzice, <\/em><\/p>\n<p style=\"padding-left: 40px;\">Zwracamy si\u0119 z pro\u015bb\u0105 o podpisanie o\u015bwiadczenia potwierdzaj\u0105cego, \u017ce Pa\u0144stwa dziecko ma zainstalowan\u0105 aplikacj\u0119 mObywatel. Jest to niezb\u0119dne, poniewa\u017c szko\u0142a ma obowi\u0105zek wystawienia mLegitymacji.<\/p>\n<p style=\"padding-left: 40px;\"><span style=\"color: #800000;\"><strong>W okresie od 26.08-08.09.2024 r.<\/strong><\/span> prosimy\u00a0o za\u0142\u0105czenie aktualnego zdj\u0119cia Pa\u0144stwa dziecka w systemie Librus. Jest to r\u00f3wnie\u017c kluczowy element procesu wystawiania mLegitymacji.<\/p>\n<p style=\"padding-left: 40px;\"><a href=\"https:\/\/portal.librus.pl\/szkola\/artykuly\/e-legitymacje-zmiany-i-udogodnienia-w-systemach-librus#dodawanie_zdjec\">Pomoc techniczna dotycz\u0105ca za\u0142\u0105czania zdj\u0119\u0107.<\/a><\/p>\n<p style=\"padding-left: 40px;\"><a href=\"https:\/\/lo6.szczecin.pl\/wp-content\/uploads\/2024\/06\/oswiadczenie-o-posiadaniu-aplikacji-mobywatel-uczen-1.pdf\">O\u015bwiadczenie<\/a> mo\u017cna dostarczy\u0107 do sekretariatu szko\u0142y lub przes\u0142a\u0107 drog\u0105 elektroniczn\u0105 do 30 czerwca 2024 r.<\/p>\n<p style=\"padding-left: 40px;\">Dzi\u0119kujemy za Pa\u0144stwa wsp\u00f3\u0142prac\u0119 i zrozumienie. W razie pyta\u0144 lub w\u0105tpliwo\u015bci, prosimy o kontakt z sekretarzem szko\u0142y pod numerem telefonu 91 4846088.<\/p>\n<p>&nbsp;<\/p>\n<p style=\"padding-left: 40px;\"><em>Z wyrazami szacunku<\/em><\/p>\n<p style=\"padding-left: 40px;\">Dyrektor Szko\u0142y Bo\u017cena Ulchurska &#8211; Jackowska<\/p>\n","protected":false},"excerpt":{"rendered":"<p>Szanowni Rodzice, Zwracamy si\u0119 z pro\u015bb\u0105 o podpisanie o\u015bwiadczenia potwierdzaj\u0105cego, \u017ce Pa\u0144stwa dziecko ma zainstalowan\u0105 aplikacj\u0119 mObywatel. Jest to niezb\u0119dne, poniewa\u017c szko\u0142a ma obowi\u0105zek wystawienia mLegitymacji. W okresie od 26.08-08.09.2024 r. prosimy\u00a0o za\u0142\u0105czenie aktualnego zdj\u0119cia Pa\u0144stwa dziecka w systemie Librus. Jest to r\u00f3wnie\u017c kluczowy element procesu wystawiania mLegitymacji. Pomoc techniczna dotycz\u0105ca za\u0142\u0105czania zdj\u0119\u0107. O\u015bwiadczenie mo\u017cna&#8230;<\/p>\n","protected":false},"author":4,"featured_media":12417,"comment_status":"closed","ping_status":"closed","sticky":false,"template":"","format":"gallery","meta":{"_acf_changed":false,"_s2mail":"","footnotes":""},"categories":[1],"tags":[],"class_list":["post-12415","post","type-post","status-publish","format-gallery","has-post-thumbnail","hentry","category-bez-kategorii","post_format-post-format-gallery"],"acf":[],"_links":{"self":[{"href":"https:\/\/lo6.szczecin.pl\/index.php\/wp-json\/wp\/v2\/posts\/12415","targetHints":{"allow":["GET"]}}],"collection":[{"href":"https:\/\/lo6.szczecin.pl\/index.php\/wp-json\/wp\/v2\/posts"}],"about":[{"href":"https:\/\/lo6.szczecin.pl\/index.php\/wp-json\/wp\/v2\/types\/post"}],"author":[{"embeddable":true,"href":"https:\/\/lo6.szczecin.pl\/index.php\/wp-json\/wp\/v2\/users\/4"}],"replies":[{"embeddable":true,"href":"https:\/\/lo6.szczecin.pl\/index.php\/wp-json\/wp\/v2\/comments?post=12415"}],"version-history":[{"count":6,"href":"https:\/\/lo6.szczecin.pl\/index.php\/wp-json\/wp\/v2\/posts\/12415\/revisions"}],"predecessor-version":[{"id":12427,"href":"https:\/\/lo6.szczecin.pl\/index.php\/wp-json\/wp\/v2\/posts\/12415\/revisions\/12427"}],"wp:featuredmedia":[{"embeddable":true,"href":"https:\/\/lo6.szczecin.pl\/index.php\/wp-json\/wp\/v2\/media\/12417"}],"wp:attachment":[{"href":"https:\/\/lo6.szczecin.pl\/index.php\/wp-json\/wp\/v2\/media?parent=12415"}],"wp:term":[{"taxonomy":"category","embeddable":true,"href":"https:\/\/lo6.szczecin.pl\/index.php\/wp-json\/wp\/v2\/categories?post=12415"},{"taxonomy":"post_tag","embeddable":true,"href":"https:\/\/lo6.szczecin.pl\/index.php\/wp-json\/wp\/v2\/tags?post=12415"}],"curies":[{"name":"wp","href":"https:\/\/api.w.org\/{rel}","templated":true}]}}