{"id":12400,"date":"2024-05-13T10:22:38","date_gmt":"2024-05-13T08:22:38","guid":{"rendered":"https:\/\/lo6.szczecin.pl\/?p=12400"},"modified":"2024-05-15T10:23:45","modified_gmt":"2024-05-15T08:23:45","slug":"zebrania-z-rodzicami-30","status":"publish","type":"post","link":"https:\/\/lo6.szczecin.pl\/index.php\/2024\/05\/13\/zebrania-z-rodzicami-30\/","title":{"rendered":"Zebrania z rodzicami"},"content":{"rendered":"<div class=\"xdj266r x11i5rnm xat24cr x1mh8g0r x1vvkbs\" style=\"padding-left: 40px;\">Dnia 16 maja 2024 r. odb\u0119d\u0105 si\u0119:<\/div>\n<div class=\"xdj266r x11i5rnm xat24cr x1mh8g0r x1vvkbs\" style=\"padding-left: 40px;\"><br class=\"html-br\" \/>1. Zebrania z rodzicami uczni\u00f3w klas I, II i IIIb2 ? godz. 17.00<br class=\"html-br\" \/>(z wyj\u0105tkiem klasy 2D, kt\u00f3r\u0105 b\u0119dzie mia\u0142a zebranie o godz. 18.00)<\/div>\n<div><\/div>\n<div class=\"x11i5rnm xat24cr x1mh8g0r x1vvkbs xtlvy1s\" style=\"padding-left: 40px;\">2. Zebrania z rodzicami uczni\u00f3w klas III i klasy II D ? godz. 18.00<br class=\"html-br\" \/>(z wyj\u0105tkiem klasy 3b2, kt\u00f3r\u0105 b\u0119dzie mia\u0142a zebranie o godz. 17.00)<\/div>\n<div><\/div>\n<div class=\"x11i5rnm xat24cr x1mh8g0r x1vvkbs xtlvy1s\" style=\"padding-left: 40px;\">Temat: Przewidywane oceny roczne uczni\u00f3w klas I, II i III z przedmiot\u00f3w i zachowania, zagro\u017cenia ocenami niedostatecznymi.<\/div>\n<div><\/div>\n<div class=\"x11i5rnm xat24cr x1mh8g0r x1vvkbs xtlvy1s\" style=\"padding-left: 40px;\">Konsultacje indywidualne dla rodzic\u00f3w ? wszyscy nauczyciele w godz. 17.00 ? 19.00.<\/div>\n<div><\/div>\n<div class=\"x11i5rnm xat24cr x1mh8g0r x1vvkbs xtlvy1s\" style=\"padding-left: 40px;\">ZEBRANIA OG\u00d3LNE z wychowawcami i KONSULTACJE INDYWIDUALNE Z NAUCZYCIELAMI<\/div>\n","protected":false},"excerpt":{"rendered":"<p>Dnia 16 maja 2024 r. odb\u0119d\u0105 si\u0119: 1. Zebrania z rodzicami uczni\u00f3w klas I, II i IIIb2 ? godz. 17.00(z wyj\u0105tkiem klasy 2D, kt\u00f3r\u0105 b\u0119dzie mia\u0142a zebranie o godz. 18.00) 2. Zebrania z rodzicami uczni\u00f3w klas III i klasy II D ? godz. 18.00(z wyj\u0105tkiem klasy 3b2, kt\u00f3r\u0105 b\u0119dzie mia\u0142a zebranie o godz. 17.00) Temat:&#8230;<\/p>\n","protected":false},"author":4,"featured_media":5177,"comment_status":"closed","ping_status":"closed","sticky":false,"template":"","format":"standard","meta":{"_acf_changed":false,"_s2mail":"","footnotes":""},"categories":[1],"tags":[],"class_list":["post-12400","post","type-post","status-publish","format-standard","has-post-thumbnail","hentry","category-bez-kategorii"],"acf":[],"_links":{"self":[{"href":"https:\/\/lo6.szczecin.pl\/index.php\/wp-json\/wp\/v2\/posts\/12400","targetHints":{"allow":["GET"]}}],"collection":[{"href":"https:\/\/lo6.szczecin.pl\/index.php\/wp-json\/wp\/v2\/posts"}],"about":[{"href":"https:\/\/lo6.szczecin.pl\/index.php\/wp-json\/wp\/v2\/types\/post"}],"author":[{"embeddable":true,"href":"https:\/\/lo6.szczecin.pl\/index.php\/wp-json\/wp\/v2\/users\/4"}],"replies":[{"embeddable":true,"href":"https:\/\/lo6.szczecin.pl\/index.php\/wp-json\/wp\/v2\/comments?post=12400"}],"version-history":[{"count":1,"href":"https:\/\/lo6.szczecin.pl\/index.php\/wp-json\/wp\/v2\/posts\/12400\/revisions"}],"predecessor-version":[{"id":12401,"href":"https:\/\/lo6.szczecin.pl\/index.php\/wp-json\/wp\/v2\/posts\/12400\/revisions\/12401"}],"wp:featuredmedia":[{"embeddable":true,"href":"https:\/\/lo6.szczecin.pl\/index.php\/wp-json\/wp\/v2\/media\/5177"}],"wp:attachment":[{"href":"https:\/\/lo6.szczecin.pl\/index.php\/wp-json\/wp\/v2\/media?parent=12400"}],"wp:term":[{"taxonomy":"category","embeddable":true,"href":"https:\/\/lo6.szczecin.pl\/index.php\/wp-json\/wp\/v2\/categories?post=12400"},{"taxonomy":"post_tag","embeddable":true,"href":"https:\/\/lo6.szczecin.pl\/index.php\/wp-json\/wp\/v2\/tags?post=12400"}],"curies":[{"name":"wp","href":"https:\/\/api.w.org\/{rel}","templated":true}]}}