{"id":12346,"date":"2024-04-11T12:17:49","date_gmt":"2024-04-11T10:17:49","guid":{"rendered":"https:\/\/lo6.szczecin.pl\/?p=12346"},"modified":"2024-04-11T12:17:49","modified_gmt":"2024-04-11T10:17:49","slug":"i-miejsce-w-ogolnopolskiej-olimpiadzie-wiedzy-o-prawie","status":"publish","type":"post","link":"https:\/\/lo6.szczecin.pl\/index.php\/2024\/04\/11\/i-miejsce-w-ogolnopolskiej-olimpiadzie-wiedzy-o-prawie\/","title":{"rendered":"I miejsce w Og\u00f3lnopolskiej Olimpiadzie Wiedzy o Prawie"},"content":{"rendered":"<div class=\"xdj266r x11i5rnm xat24cr x1mh8g0r x1vvkbs x126k92a\">\n<div dir=\"auto\" style=\"padding-left: 40px;\">Z ogromn\u0105 przyjemno\u015bci informujemy, \u017ce ucze\u0144 VI LO Mateusz Lewicki zaj\u0105\u0142 I miejsce w eliminacjach centralnych XXVI edycji Og\u00f3lnopolskiej Olimpiady Wiedzy o Prawie.<\/div>\n<div dir=\"auto\"><\/div>\n<div dir=\"auto\" style=\"padding-left: 40px;\">Gratulujemy sukcesu i uprawnienia przyj\u0119cia na studia (z pomini\u0119ciem post\u0119powania kwalifikacyjnego) Uniwersytetu Warszawskiego, Uniwersytetu Jagiello\u0144skiego i wielu innych znamienitych uczelni wy\u017cszych!<\/div>\n<\/div>\n<div class=\"x11i5rnm xat24cr x1mh8g0r x1vvkbs xtlvy1s x126k92a\">\n<div dir=\"auto\"><\/div>\n<\/div>\n","protected":false},"excerpt":{"rendered":"<p>Z ogromn\u0105 przyjemno\u015bci informujemy, \u017ce ucze\u0144 VI LO Mateusz Lewicki zaj\u0105\u0142 I miejsce w eliminacjach centralnych XXVI edycji Og\u00f3lnopolskiej Olimpiady Wiedzy o Prawie. Gratulujemy sukcesu i uprawnienia przyj\u0119cia na studia (z pomini\u0119ciem post\u0119powania kwalifikacyjnego) Uniwersytetu Warszawskiego, Uniwersytetu Jagiello\u0144skiego i wielu innych znamienitych uczelni wy\u017cszych!<\/p>\n","protected":false},"author":4,"featured_media":11704,"comment_status":"closed","ping_status":"closed","sticky":false,"template":"","format":"gallery","meta":{"_acf_changed":false,"_s2mail":"","footnotes":""},"categories":[1],"tags":[],"class_list":["post-12346","post","type-post","status-publish","format-gallery","has-post-thumbnail","hentry","category-bez-kategorii","post_format-post-format-gallery"],"acf":[],"_links":{"self":[{"href":"https:\/\/lo6.szczecin.pl\/index.php\/wp-json\/wp\/v2\/posts\/12346","targetHints":{"allow":["GET"]}}],"collection":[{"href":"https:\/\/lo6.szczecin.pl\/index.php\/wp-json\/wp\/v2\/posts"}],"about":[{"href":"https:\/\/lo6.szczecin.pl\/index.php\/wp-json\/wp\/v2\/types\/post"}],"author":[{"embeddable":true,"href":"https:\/\/lo6.szczecin.pl\/index.php\/wp-json\/wp\/v2\/users\/4"}],"replies":[{"embeddable":true,"href":"https:\/\/lo6.szczecin.pl\/index.php\/wp-json\/wp\/v2\/comments?post=12346"}],"version-history":[{"count":1,"href":"https:\/\/lo6.szczecin.pl\/index.php\/wp-json\/wp\/v2\/posts\/12346\/revisions"}],"predecessor-version":[{"id":12347,"href":"https:\/\/lo6.szczecin.pl\/index.php\/wp-json\/wp\/v2\/posts\/12346\/revisions\/12347"}],"wp:featuredmedia":[{"embeddable":true,"href":"https:\/\/lo6.szczecin.pl\/index.php\/wp-json\/wp\/v2\/media\/11704"}],"wp:attachment":[{"href":"https:\/\/lo6.szczecin.pl\/index.php\/wp-json\/wp\/v2\/media?parent=12346"}],"wp:term":[{"taxonomy":"category","embeddable":true,"href":"https:\/\/lo6.szczecin.pl\/index.php\/wp-json\/wp\/v2\/categories?post=12346"},{"taxonomy":"post_tag","embeddable":true,"href":"https:\/\/lo6.szczecin.pl\/index.php\/wp-json\/wp\/v2\/tags?post=12346"}],"curies":[{"name":"wp","href":"https:\/\/api.w.org\/{rel}","templated":true}]}}