{"id":12324,"date":"2024-03-22T09:41:59","date_gmt":"2024-03-22T08:41:59","guid":{"rendered":"https:\/\/lo6.szczecin.pl\/?p=12324"},"modified":"2024-03-22T09:41:59","modified_gmt":"2024-03-22T08:41:59","slug":"xxvi-ogolnopolska-olimpiada-wiedzy-o-prawie","status":"publish","type":"post","link":"https:\/\/lo6.szczecin.pl\/index.php\/2024\/03\/22\/xxvi-ogolnopolska-olimpiada-wiedzy-o-prawie\/","title":{"rendered":"XXVI Og\u00f3lnopolska Olimpiada Wiedzy o Prawie"},"content":{"rendered":"<div class=\"xdj266r x11i5rnm xat24cr x1mh8g0r x1vvkbs x126k92a\">\n<div dir=\"auto\" style=\"padding-left: 40px;\">W dniu 19 marca 2024 r. ucze\u0144 VI LO Mateusz Lewicki zakwalifikowa\u0142 si\u0119 do eliminacji centralnych XXVI edycji Og\u00f3lnopolskiej Olimpiady Wiedzy o Prawie.<\/div>\n<div dir=\"auto\" style=\"padding-left: 40px;\">Gratulujemy!<\/div>\n<\/div>\n<div class=\"x11i5rnm xat24cr x1mh8g0r x1vvkbs xtlvy1s x126k92a\" style=\"padding-left: 40px;\">\n<div dir=\"auto\" style=\"padding-left: 40px;\"><a class=\"x1i10hfl xjbqb8w x1ejq31n xd10rxx x1sy0etr x17r0tee x972fbf xcfux6l x1qhh985 xm0m39n x9f619 x1ypdohk xt0psk2 xe8uvvx xdj266r x11i5rnm xat24cr x1mh8g0r xexx8yu x4uap5 x18d9i69 xkhd6sd x16tdsg8 x1hl2dhg xggy1nq x1a2a7pz xt0b8zv x1fey0fg\" tabindex=\"0\" role=\"link\" href=\"https:\/\/www.olimpiadaprawa.pl\/bie%C5%BC%C4%85ca-edycja.html?fbclid=IwAR2YjPtC_YoW4NZ4G9WgD7M51Jy2v7Vkje2u-qGSwkX83X-l2pgb8zm_CXc\" target=\"_blank\" rel=\"nofollow noopener\">https:\/\/www.olimpiadaprawa.pl\/bie%C5%BC%C4%85ca-edycja.html<\/a><\/div>\n<\/div>\n","protected":false},"excerpt":{"rendered":"<p>W dniu 19 marca 2024 r. ucze\u0144 VI LO Mateusz Lewicki zakwalifikowa\u0142 si\u0119 do eliminacji centralnych XXVI edycji Og\u00f3lnopolskiej Olimpiady Wiedzy o Prawie. Gratulujemy! https:\/\/www.olimpiadaprawa.pl\/bie%C5%BC%C4%85ca-edycja.html<\/p>\n","protected":false},"author":4,"featured_media":12325,"comment_status":"closed","ping_status":"closed","sticky":false,"template":"","format":"gallery","meta":{"_acf_changed":false,"_s2mail":"","footnotes":""},"categories":[1],"tags":[],"class_list":["post-12324","post","type-post","status-publish","format-gallery","has-post-thumbnail","hentry","category-bez-kategorii","post_format-post-format-gallery"],"acf":[],"_links":{"self":[{"href":"https:\/\/lo6.szczecin.pl\/index.php\/wp-json\/wp\/v2\/posts\/12324","targetHints":{"allow":["GET"]}}],"collection":[{"href":"https:\/\/lo6.szczecin.pl\/index.php\/wp-json\/wp\/v2\/posts"}],"about":[{"href":"https:\/\/lo6.szczecin.pl\/index.php\/wp-json\/wp\/v2\/types\/post"}],"author":[{"embeddable":true,"href":"https:\/\/lo6.szczecin.pl\/index.php\/wp-json\/wp\/v2\/users\/4"}],"replies":[{"embeddable":true,"href":"https:\/\/lo6.szczecin.pl\/index.php\/wp-json\/wp\/v2\/comments?post=12324"}],"version-history":[{"count":1,"href":"https:\/\/lo6.szczecin.pl\/index.php\/wp-json\/wp\/v2\/posts\/12324\/revisions"}],"predecessor-version":[{"id":12326,"href":"https:\/\/lo6.szczecin.pl\/index.php\/wp-json\/wp\/v2\/posts\/12324\/revisions\/12326"}],"wp:featuredmedia":[{"embeddable":true,"href":"https:\/\/lo6.szczecin.pl\/index.php\/wp-json\/wp\/v2\/media\/12325"}],"wp:attachment":[{"href":"https:\/\/lo6.szczecin.pl\/index.php\/wp-json\/wp\/v2\/media?parent=12324"}],"wp:term":[{"taxonomy":"category","embeddable":true,"href":"https:\/\/lo6.szczecin.pl\/index.php\/wp-json\/wp\/v2\/categories?post=12324"},{"taxonomy":"post_tag","embeddable":true,"href":"https:\/\/lo6.szczecin.pl\/index.php\/wp-json\/wp\/v2\/tags?post=12324"}],"curies":[{"name":"wp","href":"https:\/\/api.w.org\/{rel}","templated":true}]}}