{"id":12285,"date":"2024-03-05T13:30:38","date_gmt":"2024-03-05T12:30:38","guid":{"rendered":"https:\/\/lo6.szczecin.pl\/?p=12285"},"modified":"2024-03-05T15:02:08","modified_gmt":"2024-03-05T14:02:08","slug":"12285","status":"publish","type":"post","link":"https:\/\/lo6.szczecin.pl\/index.php\/2024\/03\/05\/12285\/","title":{"rendered":"patronat \u00a0Wydzia\u0142u\u00a0Ekonomicznego ZUT"},"content":{"rendered":"<div style=\"padding-left: 40px;\">Z ogromn\u0105 satysfakcj\u0105 informujemy, \u017ce Pani dyrektor Bo\u017cena Urchulska-Jackowska w dniu 01.03.2024 podpisa\u0142a umow\u0119 o patronat Wydzia\u0142u Ekonomicznego ZUT w Szczecinie, kt\u00f3ry by\u0142 reprezentowany by\u0142 \u00a0przez Pana prodziekana dr hab.Janusz Myszczyszyn, prof ZUT.<\/div>\n<div style=\"padding-left: 40px;\">Patronat polega\u0107 b\u0119dzie na wsp\u00f3\u0142pracy oraz opiece merytorycznej w ramach\u00a0przedmiot\u00f3w Podstawy Przedsi\u0119biorczo\u015bci oraz Biznes i Zarz\u0105dzanie.<\/div>\n<div style=\"padding-left: 40px;\">Gratulujemy.<\/div>\n<div><\/div>\n","protected":false},"excerpt":{"rendered":"<p>Z ogromn\u0105 satysfakcj\u0105 informujemy, \u017ce Pani dyrektor Bo\u017cena Urchulska-Jackowska w dniu 01.03.2024 podpisa\u0142a umow\u0119 o patronat Wydzia\u0142u Ekonomicznego ZUT w Szczecinie, kt\u00f3ry by\u0142 reprezentowany by\u0142 \u00a0przez Pana prodziekana dr hab.Janusz Myszczyszyn, prof ZUT. Patronat polega\u0107 b\u0119dzie na wsp\u00f3\u0142pracy oraz opiece merytorycznej w ramach\u00a0przedmiot\u00f3w Podstawy Przedsi\u0119biorczo\u015bci oraz Biznes i Zarz\u0105dzanie. Gratulujemy.<\/p>\n","protected":false},"author":4,"featured_media":12302,"comment_status":"closed","ping_status":"closed","sticky":false,"template":"","format":"gallery","meta":{"_acf_changed":false,"_s2mail":"","footnotes":""},"categories":[1],"tags":[],"class_list":["post-12285","post","type-post","status-publish","format-gallery","has-post-thumbnail","hentry","category-bez-kategorii","post_format-post-format-gallery"],"acf":[],"_links":{"self":[{"href":"https:\/\/lo6.szczecin.pl\/index.php\/wp-json\/wp\/v2\/posts\/12285","targetHints":{"allow":["GET"]}}],"collection":[{"href":"https:\/\/lo6.szczecin.pl\/index.php\/wp-json\/wp\/v2\/posts"}],"about":[{"href":"https:\/\/lo6.szczecin.pl\/index.php\/wp-json\/wp\/v2\/types\/post"}],"author":[{"embeddable":true,"href":"https:\/\/lo6.szczecin.pl\/index.php\/wp-json\/wp\/v2\/users\/4"}],"replies":[{"embeddable":true,"href":"https:\/\/lo6.szczecin.pl\/index.php\/wp-json\/wp\/v2\/comments?post=12285"}],"version-history":[{"count":2,"href":"https:\/\/lo6.szczecin.pl\/index.php\/wp-json\/wp\/v2\/posts\/12285\/revisions"}],"predecessor-version":[{"id":12322,"href":"https:\/\/lo6.szczecin.pl\/index.php\/wp-json\/wp\/v2\/posts\/12285\/revisions\/12322"}],"wp:featuredmedia":[{"embeddable":true,"href":"https:\/\/lo6.szczecin.pl\/index.php\/wp-json\/wp\/v2\/media\/12302"}],"wp:attachment":[{"href":"https:\/\/lo6.szczecin.pl\/index.php\/wp-json\/wp\/v2\/media?parent=12285"}],"wp:term":[{"taxonomy":"category","embeddable":true,"href":"https:\/\/lo6.szczecin.pl\/index.php\/wp-json\/wp\/v2\/categories?post=12285"},{"taxonomy":"post_tag","embeddable":true,"href":"https:\/\/lo6.szczecin.pl\/index.php\/wp-json\/wp\/v2\/tags?post=12285"}],"curies":[{"name":"wp","href":"https:\/\/api.w.org\/{rel}","templated":true}]}}