{"id":12245,"date":"2024-02-29T09:54:44","date_gmt":"2024-02-29T08:54:44","guid":{"rendered":"https:\/\/lo6.szczecin.pl\/?p=12245"},"modified":"2024-02-29T09:54:44","modified_gmt":"2024-02-29T08:54:44","slug":"goscie-z-niemiec","status":"publish","type":"post","link":"https:\/\/lo6.szczecin.pl\/index.php\/2024\/02\/29\/goscie-z-niemiec\/","title":{"rendered":"GO\u015aCIE Z NIEMIEC"},"content":{"rendered":"<div dir=\"auto\" style=\"padding-left: 40px;\"><\/div>\n<div dir=\"auto\" style=\"padding-left: 40px;\">Podczas odbywaj\u0105cych si\u0119 w naszej szkole Dni J\u0119zyka Niemieckiego go\u015bcili\u015bmy grup\u0119 uczni\u00f3w i nauczycieli Gesamtschule z miasta Sch\u00f6nburg.<\/div>\n<div dir=\"auto\" style=\"padding-left: 40px;\">Wizyta w VI LO by\u0142a jednym z punkt\u00f3w realizowanego w Szczecinie projektu historycznego dotycz\u0105cego los\u00f3w przesiedle\u0144c\u00f3w i uchod\u017ac\u00f3w po II wojnie \u015bwiatowej.<\/div>\n<div dir=\"auto\" style=\"padding-left: 40px;\">Spotkanie by\u0142o okazj\u0105 do wymiany do\u015bwiadcze\u0144. Niemieccy go\u015bcie opowiedzieli o za\u0142o\u017ceniach swojego projektu, my za\u015b o polsko-niemieckich projektach wymiany m\u0142odzie\u017cy oraz programie ?Zachowa\u0107 pami\u0119\u0107? dla projekt\u00f3w o szczeg\u00f3lnym znaczeniu, kt\u00f3re realizowali\u015bmy ze szko\u0142ami partnerskimi z Niemiec, przy wsparciu merytorycznym i finansowym Polsko-Niemieckiej Wsp\u00f3\u0142pracy M\u0142odzie\u017cy.<\/div>\n","protected":false},"excerpt":{"rendered":"<p>Podczas odbywaj\u0105cych si\u0119 w naszej szkole Dni J\u0119zyka Niemieckiego go\u015bcili\u015bmy grup\u0119 uczni\u00f3w i nauczycieli Gesamtschule z miasta Sch\u00f6nburg. Wizyta w VI LO by\u0142a jednym z punkt\u00f3w realizowanego w Szczecinie projektu historycznego dotycz\u0105cego los\u00f3w przesiedle\u0144c\u00f3w i uchod\u017ac\u00f3w po II wojnie \u015bwiatowej. Spotkanie by\u0142o okazj\u0105 do wymiany do\u015bwiadcze\u0144. Niemieccy go\u015bcie opowiedzieli o za\u0142o\u017ceniach swojego projektu, my za\u015b&#8230;<\/p>\n","protected":false},"author":4,"featured_media":12247,"comment_status":"closed","ping_status":"closed","sticky":false,"template":"","format":"gallery","meta":{"_acf_changed":false,"_s2mail":"","footnotes":""},"categories":[365],"tags":[],"class_list":["post-12245","post","type-post","status-publish","format-gallery","has-post-thumbnail","hentry","category-galeria","post_format-post-format-gallery"],"acf":[],"_links":{"self":[{"href":"https:\/\/lo6.szczecin.pl\/index.php\/wp-json\/wp\/v2\/posts\/12245","targetHints":{"allow":["GET"]}}],"collection":[{"href":"https:\/\/lo6.szczecin.pl\/index.php\/wp-json\/wp\/v2\/posts"}],"about":[{"href":"https:\/\/lo6.szczecin.pl\/index.php\/wp-json\/wp\/v2\/types\/post"}],"author":[{"embeddable":true,"href":"https:\/\/lo6.szczecin.pl\/index.php\/wp-json\/wp\/v2\/users\/4"}],"replies":[{"embeddable":true,"href":"https:\/\/lo6.szczecin.pl\/index.php\/wp-json\/wp\/v2\/comments?post=12245"}],"version-history":[{"count":1,"href":"https:\/\/lo6.szczecin.pl\/index.php\/wp-json\/wp\/v2\/posts\/12245\/revisions"}],"predecessor-version":[{"id":12250,"href":"https:\/\/lo6.szczecin.pl\/index.php\/wp-json\/wp\/v2\/posts\/12245\/revisions\/12250"}],"wp:featuredmedia":[{"embeddable":true,"href":"https:\/\/lo6.szczecin.pl\/index.php\/wp-json\/wp\/v2\/media\/12247"}],"wp:attachment":[{"href":"https:\/\/lo6.szczecin.pl\/index.php\/wp-json\/wp\/v2\/media?parent=12245"}],"wp:term":[{"taxonomy":"category","embeddable":true,"href":"https:\/\/lo6.szczecin.pl\/index.php\/wp-json\/wp\/v2\/categories?post=12245"},{"taxonomy":"post_tag","embeddable":true,"href":"https:\/\/lo6.szczecin.pl\/index.php\/wp-json\/wp\/v2\/tags?post=12245"}],"curies":[{"name":"wp","href":"https:\/\/api.w.org\/{rel}","templated":true}]}}