{"id":12232,"date":"2024-01-29T11:38:20","date_gmt":"2024-01-29T10:38:20","guid":{"rendered":"https:\/\/lo6.szczecin.pl\/?p=12232"},"modified":"2024-01-29T11:45:26","modified_gmt":"2024-01-29T10:45:26","slug":"mlodziezowy-sejmik-wojewodztwa-zachodniopomorskiego","status":"publish","type":"post","link":"https:\/\/lo6.szczecin.pl\/index.php\/2024\/01\/29\/mlodziezowy-sejmik-wojewodztwa-zachodniopomorskiego\/","title":{"rendered":"m\u0142odzie\u017cowy sejmik wojew\u00f3dztwa zachodniopomorskiego"},"content":{"rendered":"<p style=\"padding-left: 40px;\">Z przyjemno\u015bci\u0105 informujemy, \u017ce Bartosz Bartman-Jarzembek ucze\u0144 klasy 3a zosta\u0142 Radnym M\u0142odzie\u017cowego Sejmiku Wojew\u00f3dztwa Zachodniopomorskiego. Gratulujemy!<\/p>\n<p style=\"padding-left: 40px;\">Celami M\u0142odzie\u017cowego Sejmiku s\u0105:<br \/>\n1) wspieranie i upowszechnianie idei samorz\u0105dno\u015bci w\u015br\u00f3d m\u0142odzie\u017cy;<br \/>\n2) reprezentowanie interes\u00f3w m\u0142odzie\u017cy przed organami samorz\u0105du wojew\u00f3dztwa oraz instytucjami rz\u0105dowymi i pozarz\u0105dowymi;<br \/>\n3) promocja kultury, w szczeg\u00f3lno\u015bci tworzonej przez ludzi m\u0142odych i do nich adresowanej;<br \/>\n4) kszta\u0142towanie i utrwalanie postaw demokratycznych oraz wyrabianie umiej\u0119tno\u015bci podejmowania decyzji;<br \/>\n5) umo\u017cliwienie m\u0142odzie\u017cy partycypacji w procesach podejmowania decyzji bezpo\u015brednio wp\u0142ywaj\u0105cych na spos\u00f3b oraz jako\u015b\u0107 jej \u017cycia;<br \/>\n6) dzia\u0142anie na rzecz ochrony praw ucznia oraz kszta\u0142towania postaw tolerancji;<br \/>\n7) inspirowanie m\u0142odzie\u017cy do troski o \u015brodowisko naturalne, dzia\u0142alno\u015bci charytatywnej i wolontariatu;<br \/>\n8) dzia\u0142anie na rzecz integracji oraz wsp\u00f3\u0142pracy \u015brodowisk m\u0142odzie\u017cowych;<br \/>\n9) wsp\u00f3\u0142praca z samorz\u0105dami uczniowskimi szk\u00f3\u0142 maj\u0105cych swoj\u0105 siedzib\u0119 na terenie wojew\u00f3dztwa zachodniopomorskiego.<\/p>\n<p style=\"padding-left: 40px;\">Wi\u0119cej informacji o dzia\u0142aniach sejmiku znajduje si\u0119 na stronie: <a href=\"https:\/\/www.mlodziez.wzp.pl\/rada-mlodziezy-wojewodztwa-zachodniopomorskiego-2\/\">M\u0142odzie\u017cowy Sejmik Wojew\u00f3dztwa Zachodniopomorskiego &#8211; Sekretariat ds. M\u0142odzie\u017cy (wzp.pl)<\/a><\/p>\n","protected":false},"excerpt":{"rendered":"<p>Z przyjemno\u015bci\u0105 informujemy, \u017ce Bartosz Bartman-Jarzembek ucze\u0144 klasy 3a zosta\u0142 Radnym M\u0142odzie\u017cowego Sejmiku Wojew\u00f3dztwa Zachodniopomorskiego. Gratulujemy! Celami M\u0142odzie\u017cowego Sejmiku s\u0105: 1) wspieranie i upowszechnianie idei samorz\u0105dno\u015bci w\u015br\u00f3d m\u0142odzie\u017cy; 2) reprezentowanie interes\u00f3w m\u0142odzie\u017cy przed organami samorz\u0105du wojew\u00f3dztwa oraz instytucjami rz\u0105dowymi i pozarz\u0105dowymi; 3) promocja kultury, w szczeg\u00f3lno\u015bci tworzonej przez ludzi m\u0142odych i do nich adresowanej; 4)&#8230;<\/p>\n","protected":false},"author":4,"featured_media":12233,"comment_status":"closed","ping_status":"closed","sticky":false,"template":"","format":"gallery","meta":{"_acf_changed":false,"_s2mail":"","footnotes":""},"categories":[365],"tags":[],"class_list":["post-12232","post","type-post","status-publish","format-gallery","has-post-thumbnail","hentry","category-galeria","post_format-post-format-gallery"],"acf":[],"_links":{"self":[{"href":"https:\/\/lo6.szczecin.pl\/index.php\/wp-json\/wp\/v2\/posts\/12232","targetHints":{"allow":["GET"]}}],"collection":[{"href":"https:\/\/lo6.szczecin.pl\/index.php\/wp-json\/wp\/v2\/posts"}],"about":[{"href":"https:\/\/lo6.szczecin.pl\/index.php\/wp-json\/wp\/v2\/types\/post"}],"author":[{"embeddable":true,"href":"https:\/\/lo6.szczecin.pl\/index.php\/wp-json\/wp\/v2\/users\/4"}],"replies":[{"embeddable":true,"href":"https:\/\/lo6.szczecin.pl\/index.php\/wp-json\/wp\/v2\/comments?post=12232"}],"version-history":[{"count":2,"href":"https:\/\/lo6.szczecin.pl\/index.php\/wp-json\/wp\/v2\/posts\/12232\/revisions"}],"predecessor-version":[{"id":12237,"href":"https:\/\/lo6.szczecin.pl\/index.php\/wp-json\/wp\/v2\/posts\/12232\/revisions\/12237"}],"wp:featuredmedia":[{"embeddable":true,"href":"https:\/\/lo6.szczecin.pl\/index.php\/wp-json\/wp\/v2\/media\/12233"}],"wp:attachment":[{"href":"https:\/\/lo6.szczecin.pl\/index.php\/wp-json\/wp\/v2\/media?parent=12232"}],"wp:term":[{"taxonomy":"category","embeddable":true,"href":"https:\/\/lo6.szczecin.pl\/index.php\/wp-json\/wp\/v2\/categories?post=12232"},{"taxonomy":"post_tag","embeddable":true,"href":"https:\/\/lo6.szczecin.pl\/index.php\/wp-json\/wp\/v2\/tags?post=12232"}],"curies":[{"name":"wp","href":"https:\/\/api.w.org\/{rel}","templated":true}]}}