{"id":12187,"date":"2023-12-20T10:38:14","date_gmt":"2023-12-20T09:38:14","guid":{"rendered":"https:\/\/lo6.szczecin.pl\/?p=12187"},"modified":"2023-12-20T13:05:15","modified_gmt":"2023-12-20T12:05:15","slug":"ksztaltowanie-dobrych-nawykow","status":"publish","type":"post","link":"https:\/\/lo6.szczecin.pl\/index.php\/2023\/12\/20\/ksztaltowanie-dobrych-nawykow\/","title":{"rendered":"Kszta\u0142towanie dobrych nawyk\u00f3w"},"content":{"rendered":"<p style=\"padding-left: 40px;\">Ile godzin snu potrzebuje nastolatek? Jakich posi\u0142k\u00f3w nie powinni\u015bmy pomija\u0107? W jaki spos\u00f3b aktywno\u015b\u0107 fizyczna wp\u0142ywa na nasz stan psychiczny? Na te i inne pytania szukali dzi\u015b odpowiedzi uczniowie klasy 1B3 podczas warsztat\u00f3w ?Kszta\u0142towanie dobrych nawyk\u00f3w?. Zaj\u0119cia prowadzili studenci Instytutu Psychologii Uniwersytetu Szczeci\u0144skiego ? pani Kinga Ko\u015bcielna i pan Maciej Burknap. By\u0107 mo\u017ce zbli\u017caj\u0105cy si\u0119 nowy rok 2024 b\u0119dzie okazj\u0105 do wprowadzenia drobnych, a niezwykle efektywnych zmian w swojej codzienno\u015bci?<\/p>\n","protected":false},"excerpt":{"rendered":"<p>Ile godzin snu potrzebuje nastolatek? Jakich posi\u0142k\u00f3w nie powinni\u015bmy pomija\u0107? W jaki spos\u00f3b aktywno\u015b\u0107 fizyczna wp\u0142ywa na nasz stan psychiczny? Na te i inne pytania szukali dzi\u015b odpowiedzi uczniowie klasy 1B3 podczas warsztat\u00f3w ?Kszta\u0142towanie dobrych nawyk\u00f3w?. Zaj\u0119cia prowadzili studenci Instytutu Psychologii Uniwersytetu Szczeci\u0144skiego ? pani Kinga Ko\u015bcielna i pan Maciej Burknap. By\u0107 mo\u017ce zbli\u017caj\u0105cy si\u0119&#8230;<\/p>\n","protected":false},"author":4,"featured_media":12191,"comment_status":"closed","ping_status":"closed","sticky":false,"template":"","format":"gallery","meta":{"_acf_changed":false,"_s2mail":"","footnotes":""},"categories":[1],"tags":[],"class_list":["post-12187","post","type-post","status-publish","format-gallery","has-post-thumbnail","hentry","category-bez-kategorii","post_format-post-format-gallery"],"acf":[],"_links":{"self":[{"href":"https:\/\/lo6.szczecin.pl\/index.php\/wp-json\/wp\/v2\/posts\/12187","targetHints":{"allow":["GET"]}}],"collection":[{"href":"https:\/\/lo6.szczecin.pl\/index.php\/wp-json\/wp\/v2\/posts"}],"about":[{"href":"https:\/\/lo6.szczecin.pl\/index.php\/wp-json\/wp\/v2\/types\/post"}],"author":[{"embeddable":true,"href":"https:\/\/lo6.szczecin.pl\/index.php\/wp-json\/wp\/v2\/users\/4"}],"replies":[{"embeddable":true,"href":"https:\/\/lo6.szczecin.pl\/index.php\/wp-json\/wp\/v2\/comments?post=12187"}],"version-history":[{"count":2,"href":"https:\/\/lo6.szczecin.pl\/index.php\/wp-json\/wp\/v2\/posts\/12187\/revisions"}],"predecessor-version":[{"id":12206,"href":"https:\/\/lo6.szczecin.pl\/index.php\/wp-json\/wp\/v2\/posts\/12187\/revisions\/12206"}],"wp:featuredmedia":[{"embeddable":true,"href":"https:\/\/lo6.szczecin.pl\/index.php\/wp-json\/wp\/v2\/media\/12191"}],"wp:attachment":[{"href":"https:\/\/lo6.szczecin.pl\/index.php\/wp-json\/wp\/v2\/media?parent=12187"}],"wp:term":[{"taxonomy":"category","embeddable":true,"href":"https:\/\/lo6.szczecin.pl\/index.php\/wp-json\/wp\/v2\/categories?post=12187"},{"taxonomy":"post_tag","embeddable":true,"href":"https:\/\/lo6.szczecin.pl\/index.php\/wp-json\/wp\/v2\/tags?post=12187"}],"curies":[{"name":"wp","href":"https:\/\/api.w.org\/{rel}","templated":true}]}}