{"id":12179,"date":"2023-12-19T13:29:32","date_gmt":"2023-12-19T12:29:32","guid":{"rendered":"https:\/\/lo6.szczecin.pl\/?p=12179"},"modified":"2023-12-19T13:47:04","modified_gmt":"2023-12-19T12:47:04","slug":"w-instytutucie-maxa-plancka","status":"publish","type":"post","link":"https:\/\/lo6.szczecin.pl\/index.php\/2023\/12\/19\/w-instytutucie-maxa-plancka\/","title":{"rendered":"W Instytutucie Maxa Plancka"},"content":{"rendered":"<p style=\"padding-left: 40px;\">W dniu 11 grudnia 2023 roku uczniowie z klasy 1C i 2C VI\u00a0 Liceum Og\u00f3lnokszta\u0142c\u0105cego uczestniczyli w wyje\u017adzie do Instytutu Maxa Plancka w Greifswaldzie. Uczestniczyli w wyk\u0142adzie tematycznym na temat reakcji j\u0105drowych i pozyskiwania energii. Wyk\u0142ad odbywa\u0142 si\u0119 w j\u0119zyku angielskim. Nasi uczniowie dali rad\u0119, a nawet pojawi\u0142y si\u0119 pytania r\u00f3wnie\u017c w j\u0119zyku angielskim. Dodatkow\u0105 atrakcj\u0105 w Instytucie by\u0142a mo\u017cliwo\u015b\u0107 zobaczenia wielkiego urz\u0105dzenia termoj\u0105drowego &#8211; stellaratora Wendelstein W7-X, kt\u00f3ry jest najwi\u0119ksz\u0105 dum\u0105 Instytutu Maxa Plancka. Po wyk\u0142adzie uczniowie odwiedzili Oceanarium w Stralsundzie, gdzie mogli zapozna\u0107 si\u0119 z faun\u0105 i flor\u0105 Morza Ba\u0142tyckiego, Morza P\u00f3\u0142nocnego i p\u00f3\u0142nocnego Atlantyku. Dodatkowo czas zosta\u0142 mile sp\u0119dzony na zwiedzaniu samego Miasteczka, kt\u00f3re jest zosta\u0142o wpisane na List\u0119 \u015awiatowego UNESCO.<\/p>\n","protected":false},"excerpt":{"rendered":"<p>W dniu 11 grudnia 2023 roku uczniowie z klasy 1C i 2C VI\u00a0 Liceum Og\u00f3lnokszta\u0142c\u0105cego uczestniczyli w wyje\u017adzie do Instytutu Maxa Plancka w Greifswaldzie. Uczestniczyli w wyk\u0142adzie tematycznym na temat reakcji j\u0105drowych i pozyskiwania energii. Wyk\u0142ad odbywa\u0142 si\u0119 w j\u0119zyku angielskim. Nasi uczniowie dali rad\u0119, a nawet pojawi\u0142y si\u0119 pytania r\u00f3wnie\u017c w j\u0119zyku angielskim. Dodatkow\u0105&#8230;<\/p>\n","protected":false},"author":4,"featured_media":12184,"comment_status":"closed","ping_status":"closed","sticky":false,"template":"","format":"gallery","meta":{"_acf_changed":false,"_s2mail":"","footnotes":""},"categories":[1],"tags":[],"class_list":["post-12179","post","type-post","status-publish","format-gallery","has-post-thumbnail","hentry","category-bez-kategorii","post_format-post-format-gallery"],"acf":[],"_links":{"self":[{"href":"https:\/\/lo6.szczecin.pl\/index.php\/wp-json\/wp\/v2\/posts\/12179","targetHints":{"allow":["GET"]}}],"collection":[{"href":"https:\/\/lo6.szczecin.pl\/index.php\/wp-json\/wp\/v2\/posts"}],"about":[{"href":"https:\/\/lo6.szczecin.pl\/index.php\/wp-json\/wp\/v2\/types\/post"}],"author":[{"embeddable":true,"href":"https:\/\/lo6.szczecin.pl\/index.php\/wp-json\/wp\/v2\/users\/4"}],"replies":[{"embeddable":true,"href":"https:\/\/lo6.szczecin.pl\/index.php\/wp-json\/wp\/v2\/comments?post=12179"}],"version-history":[{"count":2,"href":"https:\/\/lo6.szczecin.pl\/index.php\/wp-json\/wp\/v2\/posts\/12179\/revisions"}],"predecessor-version":[{"id":12186,"href":"https:\/\/lo6.szczecin.pl\/index.php\/wp-json\/wp\/v2\/posts\/12179\/revisions\/12186"}],"wp:featuredmedia":[{"embeddable":true,"href":"https:\/\/lo6.szczecin.pl\/index.php\/wp-json\/wp\/v2\/media\/12184"}],"wp:attachment":[{"href":"https:\/\/lo6.szczecin.pl\/index.php\/wp-json\/wp\/v2\/media?parent=12179"}],"wp:term":[{"taxonomy":"category","embeddable":true,"href":"https:\/\/lo6.szczecin.pl\/index.php\/wp-json\/wp\/v2\/categories?post=12179"},{"taxonomy":"post_tag","embeddable":true,"href":"https:\/\/lo6.szczecin.pl\/index.php\/wp-json\/wp\/v2\/tags?post=12179"}],"curies":[{"name":"wp","href":"https:\/\/api.w.org\/{rel}","templated":true}]}}