{"id":12170,"date":"2023-11-27T10:18:58","date_gmt":"2023-11-27T09:18:58","guid":{"rendered":"https:\/\/lo6.szczecin.pl\/?p=12170"},"modified":"2023-12-04T10:20:07","modified_gmt":"2023-12-04T09:20:07","slug":"wyklady-o-jezyku-polskim","status":"publish","type":"post","link":"https:\/\/lo6.szczecin.pl\/index.php\/2023\/11\/27\/wyklady-o-jezyku-polskim\/","title":{"rendered":"Wyk\u0142ady o j\u0119zyku polskim"},"content":{"rendered":"<p style=\"padding-left: 40px;\">27 listopada klasy 1a1, 2a1, 2a2 wzi\u0119\u0142y udzia\u0142 w pierwszym spotkaniu inauguruj\u0105cym \u00a0Wyk\u0142ady o j\u0119zyku polskim. Wys\u0142uchali\u015bmy wyk\u0142adu prof. Ewy Ko\u0142odziejek na temat Kto jest dzisiaj autorytetem j\u0119zykowy?<\/p>\n","protected":false},"excerpt":{"rendered":"<p>27 listopada klasy 1a1, 2a1, 2a2 wzi\u0119\u0142y udzia\u0142 w pierwszym spotkaniu inauguruj\u0105cym \u00a0Wyk\u0142ady o j\u0119zyku polskim. Wys\u0142uchali\u015bmy wyk\u0142adu prof. Ewy Ko\u0142odziejek na temat Kto jest dzisiaj autorytetem j\u0119zykowy?<\/p>\n","protected":false},"author":4,"featured_media":12171,"comment_status":"closed","ping_status":"closed","sticky":false,"template":"","format":"gallery","meta":{"_acf_changed":false,"_s2mail":"","footnotes":""},"categories":[1],"tags":[],"class_list":["post-12170","post","type-post","status-publish","format-gallery","has-post-thumbnail","hentry","category-bez-kategorii","post_format-post-format-gallery"],"acf":[],"_links":{"self":[{"href":"https:\/\/lo6.szczecin.pl\/index.php\/wp-json\/wp\/v2\/posts\/12170","targetHints":{"allow":["GET"]}}],"collection":[{"href":"https:\/\/lo6.szczecin.pl\/index.php\/wp-json\/wp\/v2\/posts"}],"about":[{"href":"https:\/\/lo6.szczecin.pl\/index.php\/wp-json\/wp\/v2\/types\/post"}],"author":[{"embeddable":true,"href":"https:\/\/lo6.szczecin.pl\/index.php\/wp-json\/wp\/v2\/users\/4"}],"replies":[{"embeddable":true,"href":"https:\/\/lo6.szczecin.pl\/index.php\/wp-json\/wp\/v2\/comments?post=12170"}],"version-history":[{"count":1,"href":"https:\/\/lo6.szczecin.pl\/index.php\/wp-json\/wp\/v2\/posts\/12170\/revisions"}],"predecessor-version":[{"id":12173,"href":"https:\/\/lo6.szczecin.pl\/index.php\/wp-json\/wp\/v2\/posts\/12170\/revisions\/12173"}],"wp:featuredmedia":[{"embeddable":true,"href":"https:\/\/lo6.szczecin.pl\/index.php\/wp-json\/wp\/v2\/media\/12171"}],"wp:attachment":[{"href":"https:\/\/lo6.szczecin.pl\/index.php\/wp-json\/wp\/v2\/media?parent=12170"}],"wp:term":[{"taxonomy":"category","embeddable":true,"href":"https:\/\/lo6.szczecin.pl\/index.php\/wp-json\/wp\/v2\/categories?post=12170"},{"taxonomy":"post_tag","embeddable":true,"href":"https:\/\/lo6.szczecin.pl\/index.php\/wp-json\/wp\/v2\/tags?post=12170"}],"curies":[{"name":"wp","href":"https:\/\/api.w.org\/{rel}","templated":true}]}}