{"id":12162,"date":"2023-12-04T10:16:00","date_gmt":"2023-12-04T09:16:00","guid":{"rendered":"https:\/\/lo6.szczecin.pl\/?p=12162"},"modified":"2023-12-04T10:16:00","modified_gmt":"2023-12-04T09:16:00","slug":"teatralna-uczta","status":"publish","type":"post","link":"https:\/\/lo6.szczecin.pl\/index.php\/2023\/12\/04\/teatralna-uczta\/","title":{"rendered":"Teatralna uczta"},"content":{"rendered":"<p style=\"padding-left: 40px;\">W listopadzie uczniowie klasy 1A2, 1B1, 1B2, 1B3 oraz 2B1s mieli okazj\u0119 wybra\u0107 si\u0119 w wyj\u0105tkow\u0105 podr\u00f3\u017c przez \u015bwiat kultury i sztuki w ramach festiwalu \u00a0Teatr Tradycja To\u017csamo\u015b\u0107. To niezwyk\u0142e wydarzenie przybli\u017cy\u0142o im r\u00f3\u017cnorodno\u015b\u0107 i pi\u0119kno sztuki w wykonaniu Teatru Pie\u015b\u0144 Koz\u0142a z Wroc\u0142awia. M\u0142odzie\u017c obejrza\u0142a trzy spektakle: Agon na motywach Antygony, Wojownika na podstawie fragmentu mitu o wojnie troja\u0144skiej oraz Pie\u015b\u0144 Leara zainspirowan\u0105 utworem Szekspira.<br \/>\nWizyta w teatrze okaza\u0142a si\u0119 prawdziw\u0105 uczt\u0105. Niezwyk\u0142e interpretacje klasyki oraz wspaniale wykonane utwory muzyczne poruszy\u0142y serca widz\u00f3w, a przepi\u0119kne wn\u0119trza Teatru Polskiego zachwyci\u0142y ka\u017cdego.<\/p>\n","protected":false},"excerpt":{"rendered":"<p>W listopadzie uczniowie klasy 1A2, 1B1, 1B2, 1B3 oraz 2B1s mieli okazj\u0119 wybra\u0107 si\u0119 w wyj\u0105tkow\u0105 podr\u00f3\u017c przez \u015bwiat kultury i sztuki w ramach festiwalu \u00a0Teatr Tradycja To\u017csamo\u015b\u0107. To niezwyk\u0142e wydarzenie przybli\u017cy\u0142o im r\u00f3\u017cnorodno\u015b\u0107 i pi\u0119kno sztuki w wykonaniu Teatru Pie\u015b\u0144 Koz\u0142a z Wroc\u0142awia. M\u0142odzie\u017c obejrza\u0142a trzy spektakle: Agon na motywach Antygony, Wojownika na podstawie&#8230;<\/p>\n","protected":false},"author":4,"featured_media":12163,"comment_status":"closed","ping_status":"closed","sticky":false,"template":"","format":"gallery","meta":{"_acf_changed":false,"_s2mail":"","footnotes":""},"categories":[1],"tags":[],"class_list":["post-12162","post","type-post","status-publish","format-gallery","has-post-thumbnail","hentry","category-bez-kategorii","post_format-post-format-gallery"],"acf":[],"_links":{"self":[{"href":"https:\/\/lo6.szczecin.pl\/index.php\/wp-json\/wp\/v2\/posts\/12162","targetHints":{"allow":["GET"]}}],"collection":[{"href":"https:\/\/lo6.szczecin.pl\/index.php\/wp-json\/wp\/v2\/posts"}],"about":[{"href":"https:\/\/lo6.szczecin.pl\/index.php\/wp-json\/wp\/v2\/types\/post"}],"author":[{"embeddable":true,"href":"https:\/\/lo6.szczecin.pl\/index.php\/wp-json\/wp\/v2\/users\/4"}],"replies":[{"embeddable":true,"href":"https:\/\/lo6.szczecin.pl\/index.php\/wp-json\/wp\/v2\/comments?post=12162"}],"version-history":[{"count":1,"href":"https:\/\/lo6.szczecin.pl\/index.php\/wp-json\/wp\/v2\/posts\/12162\/revisions"}],"predecessor-version":[{"id":12166,"href":"https:\/\/lo6.szczecin.pl\/index.php\/wp-json\/wp\/v2\/posts\/12162\/revisions\/12166"}],"wp:featuredmedia":[{"embeddable":true,"href":"https:\/\/lo6.szczecin.pl\/index.php\/wp-json\/wp\/v2\/media\/12163"}],"wp:attachment":[{"href":"https:\/\/lo6.szczecin.pl\/index.php\/wp-json\/wp\/v2\/media?parent=12162"}],"wp:term":[{"taxonomy":"category","embeddable":true,"href":"https:\/\/lo6.szczecin.pl\/index.php\/wp-json\/wp\/v2\/categories?post=12162"},{"taxonomy":"post_tag","embeddable":true,"href":"https:\/\/lo6.szczecin.pl\/index.php\/wp-json\/wp\/v2\/tags?post=12162"}],"curies":[{"name":"wp","href":"https:\/\/api.w.org\/{rel}","templated":true}]}}