{"id":12141,"date":"2023-11-27T08:14:20","date_gmt":"2023-11-27T07:14:20","guid":{"rendered":"https:\/\/lo6.szczecin.pl\/?p=12141"},"modified":"2023-11-27T08:14:20","modified_gmt":"2023-11-27T07:14:20","slug":"swiatowy-dzien-tabliczki-mnozenia-2","status":"publish","type":"post","link":"https:\/\/lo6.szczecin.pl\/index.php\/2023\/11\/27\/swiatowy-dzien-tabliczki-mnozenia-2\/","title":{"rendered":"\u015awiatowy Dzie\u0144 Tabliczki Mno\u017cenia"},"content":{"rendered":"<p style=\"padding-left: 40px;\">W dniu 17 listopada 2023 uczniowie VI Liceum Og\u00f3lnokszta\u0142acacego im. Stefana Czarnieckiego w Szczecinie po raz kolejny obchodzili \u015awiatowy Dzie\u0144 Tabliczki Mno\u017cenia. Licealisci w trakcie przerw mi\u0119dzy lekcjami mogli sprawdzi\u0107 swoj\u0105 sprawno\u015b\u0107 rachunkowa wykonuj\u0105c mno\u017cenie i dzielenie, bez mo\u017cliow\u015bci korzystania z kalkulatora. Na korytarzu panowala mi\u0142a i weso\u0142a atmosfera, a uczniowie z entuzjazmem stan\u0119li do potyczek z tabliczk\u0105 mno\u017cenia. Ka\u017cdy kto bezb\u0142\u0119dnie rozwi\u0105za\u0142 swoje zadania otrzyma\u0142 od egzaminator\u00f3w imienny certyfikat Eksperta Tabliczki Mno\u017cenia.<\/p>\n","protected":false},"excerpt":{"rendered":"<p>W dniu 17 listopada 2023 uczniowie VI Liceum Og\u00f3lnokszta\u0142acacego im. Stefana Czarnieckiego w Szczecinie po raz kolejny obchodzili \u015awiatowy Dzie\u0144 Tabliczki Mno\u017cenia. Licealisci w trakcie przerw mi\u0119dzy lekcjami mogli sprawdzi\u0107 swoj\u0105 sprawno\u015b\u0107 rachunkowa wykonuj\u0105c mno\u017cenie i dzielenie, bez mo\u017cliow\u015bci korzystania z kalkulatora. Na korytarzu panowala mi\u0142a i weso\u0142a atmosfera, a uczniowie z entuzjazmem stan\u0119li do&#8230;<\/p>\n","protected":false},"author":4,"featured_media":12144,"comment_status":"closed","ping_status":"closed","sticky":false,"template":"","format":"gallery","meta":{"_acf_changed":false,"_s2mail":"","footnotes":""},"categories":[1],"tags":[],"class_list":["post-12141","post","type-post","status-publish","format-gallery","has-post-thumbnail","hentry","category-bez-kategorii","post_format-post-format-gallery"],"acf":[],"_links":{"self":[{"href":"https:\/\/lo6.szczecin.pl\/index.php\/wp-json\/wp\/v2\/posts\/12141","targetHints":{"allow":["GET"]}}],"collection":[{"href":"https:\/\/lo6.szczecin.pl\/index.php\/wp-json\/wp\/v2\/posts"}],"about":[{"href":"https:\/\/lo6.szczecin.pl\/index.php\/wp-json\/wp\/v2\/types\/post"}],"author":[{"embeddable":true,"href":"https:\/\/lo6.szczecin.pl\/index.php\/wp-json\/wp\/v2\/users\/4"}],"replies":[{"embeddable":true,"href":"https:\/\/lo6.szczecin.pl\/index.php\/wp-json\/wp\/v2\/comments?post=12141"}],"version-history":[{"count":1,"href":"https:\/\/lo6.szczecin.pl\/index.php\/wp-json\/wp\/v2\/posts\/12141\/revisions"}],"predecessor-version":[{"id":12149,"href":"https:\/\/lo6.szczecin.pl\/index.php\/wp-json\/wp\/v2\/posts\/12141\/revisions\/12149"}],"wp:featuredmedia":[{"embeddable":true,"href":"https:\/\/lo6.szczecin.pl\/index.php\/wp-json\/wp\/v2\/media\/12144"}],"wp:attachment":[{"href":"https:\/\/lo6.szczecin.pl\/index.php\/wp-json\/wp\/v2\/media?parent=12141"}],"wp:term":[{"taxonomy":"category","embeddable":true,"href":"https:\/\/lo6.szczecin.pl\/index.php\/wp-json\/wp\/v2\/categories?post=12141"},{"taxonomy":"post_tag","embeddable":true,"href":"https:\/\/lo6.szczecin.pl\/index.php\/wp-json\/wp\/v2\/tags?post=12141"}],"curies":[{"name":"wp","href":"https:\/\/api.w.org\/{rel}","templated":true}]}}