{"id":12122,"date":"2023-11-10T10:12:35","date_gmt":"2023-11-10T09:12:35","guid":{"rendered":"https:\/\/lo6.szczecin.pl\/?p=12122"},"modified":"2023-11-21T11:40:22","modified_gmt":"2023-11-21T10:40:22","slug":"narodowe-swieto-niepodleglosci-2","status":"publish","type":"post","link":"https:\/\/lo6.szczecin.pl\/index.php\/2023\/11\/10\/narodowe-swieto-niepodleglosci-2\/","title":{"rendered":"Narodowe \u015awi\u0119to Niepodleg\u0142o\u015bci"},"content":{"rendered":"<p style=\"padding-left: 40px;\">W dniu 10 listopada uroczy\u015bcie obchodzili\u015bmy Dzie\u0144 Niepodleg\u0142o\u015bci. Klasa Id przygotowa\u0142a z tej okazji ciekaw\u0105 gazetk\u0119 przypominaj\u0105c\u0105 postacie historyczne, kt\u00f3re z wielk\u0105 odwag\u0105 walczy\u0142y o niepodleg\u0142o\u015b\u0107 Ojczyzny. Dodatkowo, ju\u017c od rana, uczniowie wr\u0119czali pracownikom szko\u0142y i uczniom w\u0142asnor\u0119cznie przygotowane kokardy.<\/p>\n<p style=\"padding-left: 40px;\">Punktualnie o godzinie 11.11 ca\u0142a spo\u0142eczno\u015b\u0107 szkolna od\u015bpiewa\u0142a hymn Polski. Wszystkie klasy mia\u0142y okazj\u0119 obejrze\u0107 prezentacj\u0119 o bohaterach niepodleg\u0142o\u015bci oraz wzi\u0105\u0107 udzia\u0142 w quizie. W tym dniu ka\u017cda klasa, kt\u00f3rej uczniowie pami\u0119tali o galowym stroju,\u00a0 otrzyma\u0142a w nagrod\u0119 dzie\u0144 osobisty.<\/p>\n","protected":false},"excerpt":{"rendered":"<p>W dniu 10 listopada uroczy\u015bcie obchodzili\u015bmy Dzie\u0144 Niepodleg\u0142o\u015bci. Klasa Id przygotowa\u0142a z tej okazji ciekaw\u0105 gazetk\u0119 przypominaj\u0105c\u0105 postacie historyczne, kt\u00f3re z wielk\u0105 odwag\u0105 walczy\u0142y o niepodleg\u0142o\u015b\u0107 Ojczyzny. Dodatkowo, ju\u017c od rana, uczniowie wr\u0119czali pracownikom szko\u0142y i uczniom w\u0142asnor\u0119cznie przygotowane kokardy. Punktualnie o godzinie 11.11 ca\u0142a spo\u0142eczno\u015b\u0107 szkolna od\u015bpiewa\u0142a hymn Polski. Wszystkie klasy mia\u0142y okazj\u0119 obejrze\u0107&#8230;<\/p>\n","protected":false},"author":4,"featured_media":12123,"comment_status":"closed","ping_status":"closed","sticky":false,"template":"","format":"gallery","meta":{"_acf_changed":false,"_s2mail":"","footnotes":""},"categories":[1],"tags":[],"class_list":["post-12122","post","type-post","status-publish","format-gallery","has-post-thumbnail","hentry","category-bez-kategorii","post_format-post-format-gallery"],"acf":[],"_links":{"self":[{"href":"https:\/\/lo6.szczecin.pl\/index.php\/wp-json\/wp\/v2\/posts\/12122","targetHints":{"allow":["GET"]}}],"collection":[{"href":"https:\/\/lo6.szczecin.pl\/index.php\/wp-json\/wp\/v2\/posts"}],"about":[{"href":"https:\/\/lo6.szczecin.pl\/index.php\/wp-json\/wp\/v2\/types\/post"}],"author":[{"embeddable":true,"href":"https:\/\/lo6.szczecin.pl\/index.php\/wp-json\/wp\/v2\/users\/4"}],"replies":[{"embeddable":true,"href":"https:\/\/lo6.szczecin.pl\/index.php\/wp-json\/wp\/v2\/comments?post=12122"}],"version-history":[{"count":3,"href":"https:\/\/lo6.szczecin.pl\/index.php\/wp-json\/wp\/v2\/posts\/12122\/revisions"}],"predecessor-version":[{"id":12132,"href":"https:\/\/lo6.szczecin.pl\/index.php\/wp-json\/wp\/v2\/posts\/12122\/revisions\/12132"}],"wp:featuredmedia":[{"embeddable":true,"href":"https:\/\/lo6.szczecin.pl\/index.php\/wp-json\/wp\/v2\/media\/12123"}],"wp:attachment":[{"href":"https:\/\/lo6.szczecin.pl\/index.php\/wp-json\/wp\/v2\/media?parent=12122"}],"wp:term":[{"taxonomy":"category","embeddable":true,"href":"https:\/\/lo6.szczecin.pl\/index.php\/wp-json\/wp\/v2\/categories?post=12122"},{"taxonomy":"post_tag","embeddable":true,"href":"https:\/\/lo6.szczecin.pl\/index.php\/wp-json\/wp\/v2\/tags?post=12122"}],"curies":[{"name":"wp","href":"https:\/\/api.w.org\/{rel}","templated":true}]}}