{"id":12116,"date":"2023-11-09T10:10:32","date_gmt":"2023-11-09T09:10:32","guid":{"rendered":"https:\/\/lo6.szczecin.pl\/?p=12116"},"modified":"2023-11-16T10:12:20","modified_gmt":"2023-11-16T09:12:20","slug":"relacja-z-wycieczki-klasy-2b","status":"publish","type":"post","link":"https:\/\/lo6.szczecin.pl\/index.php\/2023\/11\/09\/relacja-z-wycieczki-klasy-2b\/","title":{"rendered":"Relacja z wycieczki klasy 2b"},"content":{"rendered":"<p style=\"padding-left: 40px;\">23 pa\u017adziernika kl. 2B wzi\u0119\u0142a udzia\u0142 w trzydniowej wycieczce szkolnej podczas kt\u00f3rej zwiedzili Drezno, Prag\u0119 oraz \u015awierad\u00f3w Zdr\u00f3j. Uczniowie poznali historie miast oraz zwiedzili najwa\u017cniejsze obiekty historyczne. Dzi\u0119ki pani pilot uczestnicy mieli mo\u017cliwo\u015b\u0107 zapoznania si\u0119 z ciekawostkami dotycz\u0105cymi mieszka\u0144c\u00f3w tych miejsc. Klasa r\u00f3wnie\u017c wzi\u0119\u0142a udzia\u0142 w spacerze w chmurach zwanym Sky Walk.<\/p>\n","protected":false},"excerpt":{"rendered":"<p>23 pa\u017adziernika kl. 2B wzi\u0119\u0142a udzia\u0142 w trzydniowej wycieczce szkolnej podczas kt\u00f3rej zwiedzili Drezno, Prag\u0119 oraz \u015awierad\u00f3w Zdr\u00f3j. Uczniowie poznali historie miast oraz zwiedzili najwa\u017cniejsze obiekty historyczne. Dzi\u0119ki pani pilot uczestnicy mieli mo\u017cliwo\u015b\u0107 zapoznania si\u0119 z ciekawostkami dotycz\u0105cymi mieszka\u0144c\u00f3w tych miejsc. Klasa r\u00f3wnie\u017c wzi\u0119\u0142a udzia\u0142 w spacerze w chmurach zwanym Sky Walk.<\/p>\n","protected":false},"author":4,"featured_media":12118,"comment_status":"closed","ping_status":"closed","sticky":false,"template":"","format":"gallery","meta":{"_acf_changed":false,"_s2mail":"","footnotes":""},"categories":[1],"tags":[],"class_list":["post-12116","post","type-post","status-publish","format-gallery","has-post-thumbnail","hentry","category-bez-kategorii","post_format-post-format-gallery"],"acf":[],"_links":{"self":[{"href":"https:\/\/lo6.szczecin.pl\/index.php\/wp-json\/wp\/v2\/posts\/12116","targetHints":{"allow":["GET"]}}],"collection":[{"href":"https:\/\/lo6.szczecin.pl\/index.php\/wp-json\/wp\/v2\/posts"}],"about":[{"href":"https:\/\/lo6.szczecin.pl\/index.php\/wp-json\/wp\/v2\/types\/post"}],"author":[{"embeddable":true,"href":"https:\/\/lo6.szczecin.pl\/index.php\/wp-json\/wp\/v2\/users\/4"}],"replies":[{"embeddable":true,"href":"https:\/\/lo6.szczecin.pl\/index.php\/wp-json\/wp\/v2\/comments?post=12116"}],"version-history":[{"count":1,"href":"https:\/\/lo6.szczecin.pl\/index.php\/wp-json\/wp\/v2\/posts\/12116\/revisions"}],"predecessor-version":[{"id":12120,"href":"https:\/\/lo6.szczecin.pl\/index.php\/wp-json\/wp\/v2\/posts\/12116\/revisions\/12120"}],"wp:featuredmedia":[{"embeddable":true,"href":"https:\/\/lo6.szczecin.pl\/index.php\/wp-json\/wp\/v2\/media\/12118"}],"wp:attachment":[{"href":"https:\/\/lo6.szczecin.pl\/index.php\/wp-json\/wp\/v2\/media?parent=12116"}],"wp:term":[{"taxonomy":"category","embeddable":true,"href":"https:\/\/lo6.szczecin.pl\/index.php\/wp-json\/wp\/v2\/categories?post=12116"},{"taxonomy":"post_tag","embeddable":true,"href":"https:\/\/lo6.szczecin.pl\/index.php\/wp-json\/wp\/v2\/tags?post=12116"}],"curies":[{"name":"wp","href":"https:\/\/api.w.org\/{rel}","templated":true}]}}