{"id":12096,"date":"2023-10-26T07:33:06","date_gmt":"2023-10-26T05:33:06","guid":{"rendered":"https:\/\/lo6.szczecin.pl\/?p=12096"},"modified":"2023-10-26T07:33:06","modified_gmt":"2023-10-26T05:33:06","slug":"spotkaniach-z-pania-adwokat-natalia-leszkiewicz","status":"publish","type":"post","link":"https:\/\/lo6.szczecin.pl\/index.php\/2023\/10\/26\/spotkaniach-z-pania-adwokat-natalia-leszkiewicz\/","title":{"rendered":"Spotkaniach z pani\u0105 adwokat Natali\u0105 Leszkiewicz"},"content":{"rendered":"<p style=\"padding-left: 40px;\">Uczniowie naszej szko\u0142y wzi\u0119li udzia\u0142 w dw\u00f3ch spotkaniach z pani\u0105 adwokat Natali\u0105 Leszkiewicz z jednej ze szczeci\u0144skich kancelarii adwokackich. Odpowiedzialno\u015b\u0107 karna nieletnich, wypadek a celowe dzia\u0142anie, przest\u0119pstwo a wykroczenie, cyberprzemoc to tylko niekt\u00f3re tematy poruszane przez naszego go\u015bcia. Uczniowie \u017cywo reagowali na przedstawione informacje, zadawali pytania, dyskutowali. Wed\u0142ug nich spotkania te by\u0142y interesuj\u0105ce i potrzebne.<\/p>\n","protected":false},"excerpt":{"rendered":"<p>Uczniowie naszej szko\u0142y wzi\u0119li udzia\u0142 w dw\u00f3ch spotkaniach z pani\u0105 adwokat Natali\u0105 Leszkiewicz z jednej ze szczeci\u0144skich kancelarii adwokackich. Odpowiedzialno\u015b\u0107 karna nieletnich, wypadek a celowe dzia\u0142anie, przest\u0119pstwo a wykroczenie, cyberprzemoc to tylko niekt\u00f3re tematy poruszane przez naszego go\u015bcia. Uczniowie \u017cywo reagowali na przedstawione informacje, zadawali pytania, dyskutowali. Wed\u0142ug nich spotkania te by\u0142y interesuj\u0105ce i potrzebne.<\/p>\n","protected":false},"author":4,"featured_media":12097,"comment_status":"closed","ping_status":"closed","sticky":false,"template":"","format":"gallery","meta":{"_acf_changed":false,"_s2mail":"","footnotes":""},"categories":[1],"tags":[],"class_list":["post-12096","post","type-post","status-publish","format-gallery","has-post-thumbnail","hentry","category-bez-kategorii","post_format-post-format-gallery"],"acf":[],"_links":{"self":[{"href":"https:\/\/lo6.szczecin.pl\/index.php\/wp-json\/wp\/v2\/posts\/12096","targetHints":{"allow":["GET"]}}],"collection":[{"href":"https:\/\/lo6.szczecin.pl\/index.php\/wp-json\/wp\/v2\/posts"}],"about":[{"href":"https:\/\/lo6.szczecin.pl\/index.php\/wp-json\/wp\/v2\/types\/post"}],"author":[{"embeddable":true,"href":"https:\/\/lo6.szczecin.pl\/index.php\/wp-json\/wp\/v2\/users\/4"}],"replies":[{"embeddable":true,"href":"https:\/\/lo6.szczecin.pl\/index.php\/wp-json\/wp\/v2\/comments?post=12096"}],"version-history":[{"count":1,"href":"https:\/\/lo6.szczecin.pl\/index.php\/wp-json\/wp\/v2\/posts\/12096\/revisions"}],"predecessor-version":[{"id":12100,"href":"https:\/\/lo6.szczecin.pl\/index.php\/wp-json\/wp\/v2\/posts\/12096\/revisions\/12100"}],"wp:featuredmedia":[{"embeddable":true,"href":"https:\/\/lo6.szczecin.pl\/index.php\/wp-json\/wp\/v2\/media\/12097"}],"wp:attachment":[{"href":"https:\/\/lo6.szczecin.pl\/index.php\/wp-json\/wp\/v2\/media?parent=12096"}],"wp:term":[{"taxonomy":"category","embeddable":true,"href":"https:\/\/lo6.szczecin.pl\/index.php\/wp-json\/wp\/v2\/categories?post=12096"},{"taxonomy":"post_tag","embeddable":true,"href":"https:\/\/lo6.szczecin.pl\/index.php\/wp-json\/wp\/v2\/tags?post=12096"}],"curies":[{"name":"wp","href":"https:\/\/api.w.org\/{rel}","templated":true}]}}